{"id":2342,"__str__":"Projeto de Lei Complementar n\u00ba 1 de 2024","link_detail_backend":"/materia/2342","metadata":{},"numero":1,"ano":2024,"numero_protocolo":16,"data_apresentacao":"2024-01-15","tipo_apresentacao":"","data_publicacao":null,"numero_origem_externa":"","ano_origem_externa":null,"data_origem_externa":null,"apelido":"","dias_prazo":null,"data_fim_prazo":null,"em_tramitacao":false,"polemica":false,"objeto":"","complementar":false,"ementa":"\"Disp\u00f5e sobre a Cria\u00e7\u00e3o de Vagas no Quadro Efetivo da Administra\u00e7\u00e3o Municipal e d\u00e1 outras provid\u00eancias.\"","indexacao":"","observacao":"","resultado":"","texto_original":"http://sapl.natercia.mg.leg.br/media/sapl/public/materialegislativa/2024/2342/projeto_de_lei_complementar_1-2024.pdf","data_ultima_atualizacao":"2024-01-29T17:43:19.666532-03:00","ip":"170.244.244.3","ultima_edicao":"2024-01-22T09:32:25.252558-03:00","tipo":5,"regime_tramitacao":2,"tipo_origem_externa":null,"local_origem_externa":null,"user":23,"anexadas":[],"autores":[12]}