{"id":2467,"__str__":"Projeto de Lei Ordin\u00e1ria n\u00ba 14 de 2025","link_detail_backend":"/materia/2467","metadata":{},"numero":14,"ano":2025,"numero_protocolo":146,"data_apresentacao":"2025-06-16","tipo_apresentacao":"E","data_publicacao":null,"numero_origem_externa":"","ano_origem_externa":null,"data_origem_externa":null,"apelido":"","dias_prazo":null,"data_fim_prazo":null,"em_tramitacao":false,"polemica":false,"objeto":"","complementar":false,"ementa":"\"Disp\u00f5e sobre a absor\u00e7\u00e3o de matr\u00edculas do ensino fundamental da Rede Estadual de Ensino de Minas Gerais pelo munic\u00edpio de Nat\u00e9rcia-MG, no \u00e2mbito do Projeto M\u00e3os Dadas e d\u00e1 outras provid\u00eancias.\"","indexacao":"","observacao":"","resultado":"","texto_original":"http://sapl.natercia.mg.leg.br/media/sapl/public/materialegislativa/2025/2467/plo_14-2025.pdf","data_ultima_atualizacao":"2025-06-30T14:39:43.514046-03:00","ip":"170.244.244.3","ultima_edicao":"2025-06-17T16:03:36.374003-03:00","tipo":1,"regime_tramitacao":2,"tipo_origem_externa":null,"local_origem_externa":null,"user":24,"anexadas":[2471,2469],"autores":[12]}