{"headers": {"id": "ID", "ano": "Ano", "numero": "N\u00famero", "tipo__sigla": "Tipo de Mat\u00e9ria Legislativa/Sigla", "tipo__descricao": "Tipo de Mat\u00e9ria Legislativa/Descri\u00e7\u00e3o", "autoria": "Autorias", "texto_original": "Texto Original", "ementa": "Ementa"}, "results": [{"id": "498", "ano": "2018", "numero": "9", "tipo__sigla": "ATA E", "tipo__descricao": "Ata - Reuni\u00e3o Extraordin\u00e1ria", "autoria": "", "texto_original": "http://sapl.natercia.mg.leg.br/media/./sapl/public/materialegislativa/2018/498/498_texto_integral.pdf", "ementa": "ATA DA NONA REUNI\u00c3O EXTRAORDIN\u00c1RIA DA C\u00c2MARA MUNICIPAL DE NAT\u00c9RCIA DA 22\u00aa LEGISLATURA."}, {"id": "499", "ano": "2018", "numero": "10", "tipo__sigla": "ATA E", "tipo__descricao": "Ata - Reuni\u00e3o Extraordin\u00e1ria", "autoria": "", "texto_original": "http://sapl.natercia.mg.leg.br/media/./sapl/public/materialegislativa/2018/499/499_texto_integral.pdf", "ementa": "ATA DA D\u00c9CIMA REUNI\u00c3O EXTRAORDIN\u00c1RIA DA C\u00c2MARA MUNICIPAL DE NAT\u00c9RCIA DA 22\u00aa LEGISLATURA."}, {"id": "510", "ano": "2018", "numero": "11", "tipo__sigla": "ATA E", "tipo__descricao": "Ata - Reuni\u00e3o Extraordin\u00e1ria", "autoria": "", "texto_original": "http://sapl.natercia.mg.leg.br/media/./sapl/public/materialegislativa/2018/510/510_texto_integral.pdf", "ementa": "ATA DA D\u00c9CIMA PRIMEIRA REUNI\u00c3O EXTRAORDIN\u00c1RIA DA C\u00c2MARA MUNICIPAL DE NAT\u00c9RCIA DA 22\u00aa LEGISLATURA."}, {"id": "551", "ano": "2018", "numero": "12", "tipo__sigla": "ATA E", "tipo__descricao": "Ata - Reuni\u00e3o Extraordin\u00e1ria", "autoria": "", "texto_original": "http://sapl.natercia.mg.leg.br/media/./sapl/public/materialegislativa/2018/551/551_texto_integral.pdf", "ementa": "ATA DA D\u00c9CIMA SEGUNDA REUNI\u00c3O EXTRAORDIN\u00c1RIA DA C\u00c2MARA MUNICIPAL DE NAT\u00c9RCIA DA 22\u00aa LEGISLATURA."}, {"id": "579", "ano": "2018", "numero": "13", "tipo__sigla": "ATA E", "tipo__descricao": "Ata - Reuni\u00e3o Extraordin\u00e1ria", "autoria": "", "texto_original": "http://sapl.natercia.mg.leg.br/media/./sapl/public/materialegislativa/2018/579/579_texto_integral.pdf", "ementa": "ATA DA D\u00c9CIMA TERCEIRA REUNI\u00c3O EXTRAORDIN\u00c1RIA DA C\u00c2MARA MUNICIPAL DE NAT\u00c9RCIA DA 22\u00aa LEGISLATURA."}, {"id": "586", "ano": "2018", "numero": "14", "tipo__sigla": "ATA E", "tipo__descricao": "Ata - Reuni\u00e3o Extraordin\u00e1ria", "autoria": "", "texto_original": "http://sapl.natercia.mg.leg.br/media/./sapl/public/materialegislativa/2018/586/586_texto_integral.pdf", "ementa": "ATA DA D\u00c9CIMA QUARTA REUNI\u00c3O EXTRAORDIN\u00c1RIA DA C\u00c2MARA MUNICIPAL DE NAT\u00c9RCIA DA 22\u00aa LEGISLATURA."}, {"id": "596", "ano": "2018", "numero": "15", "tipo__sigla": "ATA E", "tipo__descricao": "Ata - Reuni\u00e3o Extraordin\u00e1ria", "autoria": "", "texto_original": "http://sapl.natercia.mg.leg.br/media/sapl/public/materialegislativa/2018/596/15a_reuniao_extraordinaria.pdf", "ementa": "ATA DA D\u00c9CIMA QUINTA REUNI\u00c3O EXTRAORDIN\u00c1RIA DA C\u00c2MARA MUNICIPAL DE NAT\u00c9RCIA DA 22\u00aa LEGISLATURA."}, {"id": "601", "ano": "2018", "numero": "16", "tipo__sigla": "ATA E", "tipo__descricao": "Ata - Reuni\u00e3o Extraordin\u00e1ria", "autoria": "", "texto_original": "http://sapl.natercia.mg.leg.br/media/sapl/public/materialegislativa/2018/601/16a_reuniao_extraordinaria.pdf", "ementa": "ATA DA D\u00c9CIMA SEXTA REUNI\u00c3O EXTRAORDIN\u00c1RIA DA C\u00c2MARA MUNICIPAL DE NAT\u00c9RCIA DA 22\u00aa LEGISLATURA."}, {"id": "624", "ano": "2018", "numero": "17", "tipo__sigla": "ATA E", "tipo__descricao": "Ata - Reuni\u00e3o Extraordin\u00e1ria", "autoria": "", "texto_original": "http://sapl.natercia.mg.leg.br/media/", "ementa": "ATA DA D\u00c9CIMA S\u00c9TIMA REUNI\u00c3O EXTRAORDIN\u00c1RIA DA C\u00c2MARA MUNICIPAL DE NAT\u00c9RCIA DA 22\u00aa LEGISLATURA."}, {"id": "492", "ano": "2018", "numero": "22", "tipo__sigla": "ATA O", "tipo__descricao": "Ata - Reuni\u00e3o Ordin\u00e1ria", "autoria": "", "texto_original": "http://sapl.natercia.mg.leg.br/media/./sapl/public/materialegislativa/2018/492/492_texto_integral.pdf", "ementa": "ATA DA VIG\u00c9SIMA SEGUNDA REUNI\u00c3O ORDIN\u00c1RIA DA C\u00c2MARA MUNICIPAL DE NAT\u00c9RCIA DA 22\u00aa LEGISLATURA."}, {"id": "495", "ano": "2018", "numero": "23", "tipo__sigla": "ATA O", "tipo__descricao": "Ata - Reuni\u00e3o Ordin\u00e1ria", "autoria": "", "texto_original": "http://sapl.natercia.mg.leg.br/media/./sapl/public/materialegislativa/2018/495/495_texto_integral.pdf", "ementa": "ATA DA VIG\u00c9SIMA TERCEIRA REUNI\u00c3O ORDIN\u00c1RIA DA C\u00c2MARA MUNICIPAL DE NAT\u00c9RCIA DA 22\u00aa LEGISLATURA"}, {"id": "497", "ano": "2018", "numero": "24", "tipo__sigla": "ATA O", "tipo__descricao": "Ata - Reuni\u00e3o Ordin\u00e1ria", "autoria": "", "texto_original": "http://sapl.natercia.mg.leg.br/media/./sapl/public/materialegislativa/2018/497/497_texto_integral.pdf", "ementa": "ATA DA VIG\u00c9SIMA QUARTA REUNI\u00c3O ORDIN\u00c1RIA DA C\u00c2MARA MUNICIPAL DE NAT\u00c9RCIA DA 22\u00aa LEGISLATURA."}, {"id": "513", "ano": "2018", "numero": "25", "tipo__sigla": "ATA O", "tipo__descricao": "Ata - Reuni\u00e3o Ordin\u00e1ria", "autoria": "", "texto_original": "http://sapl.natercia.mg.leg.br/media/./sapl/public/materialegislativa/2018/513/513_texto_integral.pdf", "ementa": "ATA DA VIG\u00c9SIMA QUINTA REUNI\u00c3O ORDIN\u00c1RIA DA C\u00c2MARA MUNICIPAL DE NAT\u00c9RCIA DA 22\u00aa LEGISLATURA."}, {"id": "525", "ano": "2018", "numero": "26", "tipo__sigla": "ATA O", "tipo__descricao": "Ata - Reuni\u00e3o Ordin\u00e1ria", "autoria": "", "texto_original": "http://sapl.natercia.mg.leg.br/media/", "ementa": "ATA DA VIG\u00c9SIMA SEXTA REUNI\u00c3O ORDIN\u00c1RIA DA C\u00c2MARA MUNICIPAL DE NAT\u00c9RCIA DA 22\u00aa LEGISLATURA."}, {"id": "526", "ano": "2018", "numero": "27", "tipo__sigla": "ATA O", "tipo__descricao": "Ata - Reuni\u00e3o Ordin\u00e1ria", "autoria": "", "texto_original": "http://sapl.natercia.mg.leg.br/media/./sapl/public/materialegislativa/2018/526/526_texto_integral.pdf", "ementa": "ATA DA VIG\u00c9SIMA S\u00c9TIMA REUNI\u00c3O ORDIN\u00c1RIA DA C\u00c2MARA MUNICIPAL DE NAT\u00c9RCIA DA 22\u00aa LEGISLATURA."}, {"id": "528", "ano": "2018", "numero": "28", "tipo__sigla": "ATA O", "tipo__descricao": "Ata - Reuni\u00e3o Ordin\u00e1ria", "autoria": "", "texto_original": "http://sapl.natercia.mg.leg.br/media/./sapl/public/materialegislativa/2018/528/528_texto_integral.pdf", "ementa": "ATA DA VIG\u00c9SIMA OITAVA REUNI\u00c3O ORDIN\u00c1RIA DA C\u00c2MARA MUNICIPAL DE NAT\u00c9RCIA DA 22\u00aa LEGISLATURA."}, {"id": "548", "ano": "2018", "numero": "29", "tipo__sigla": "ATA O", "tipo__descricao": "Ata - Reuni\u00e3o Ordin\u00e1ria", "autoria": "", "texto_original": "http://sapl.natercia.mg.leg.br/media/./sapl/public/materialegislativa/2018/548/548_texto_integral.pdf", "ementa": "ATA DA VIG\u00c9SIMA NONA REUNI\u00c3O ORDIN\u00c1RIA DA C\u00c2MARA MUNICIPAL DE NAT\u00c9RCIA DA 22\u00aa LEGISLATURA."}, {"id": "550", "ano": "2018", "numero": "30", "tipo__sigla": "ATA O", "tipo__descricao": "Ata - Reuni\u00e3o Ordin\u00e1ria", "autoria": "", "texto_original": "http://sapl.natercia.mg.leg.br/media/./sapl/public/materialegislativa/2018/550/550_texto_integral.pdf", "ementa": "ATA DA TRIG\u00c9SIMA REUNI\u00c3O ORDIN\u00c1RIA DA C\u00c2MARA MUNICIPAL DE NAT\u00c9RCIA DA 22\u00aa LEGISLATURA."}, {"id": "556", "ano": "2018", "numero": "31", "tipo__sigla": "ATA O", "tipo__descricao": "Ata - Reuni\u00e3o Ordin\u00e1ria", "autoria": "", "texto_original": "http://sapl.natercia.mg.leg.br/media/./sapl/public/materialegislativa/2018/556/556_texto_integral.pdf", "ementa": "ATA DA TRIG\u00c9SIMA PRIMEIRA REUNI\u00c3O ORDIN\u00c1RIA DA C\u00c2MARA MUNICIPAL DE NAT\u00c9RCIA DA 22\u00aa LEGISLATURA."}, {"id": "557", "ano": "2018", "numero": "32", "tipo__sigla": "ATA O", "tipo__descricao": "Ata - Reuni\u00e3o Ordin\u00e1ria", "autoria": "", "texto_original": "http://sapl.natercia.mg.leg.br/media/./sapl/public/materialegislativa/2018/557/557_texto_integral.pdf", "ementa": "ATA DA TRIG\u00c9SIMA SEGUNDA REUNI\u00c3O ORDIN\u00c1RIA DA C\u00c2MARA MUNICIPAL DE NAT\u00c9RCIA DA 22\u00aa LEGISLATURA."}, {"id": "570", "ano": "2018", "numero": "33", "tipo__sigla": "ATA O", "tipo__descricao": "Ata - Reuni\u00e3o Ordin\u00e1ria", "autoria": "", "texto_original": "http://sapl.natercia.mg.leg.br/media/./sapl/public/materialegislativa/2018/570/570_texto_integral.pdf", "ementa": "ATA DA TRIG\u00c9SIMA TERCEIRA REUNI\u00c3O ORDIN\u00c1RIA DA C\u00c2MARA MUNICIPAL DE NAT\u00c9RCIA DA 22\u00aa LEGISLATURA."}, {"id": "571", "ano": "2018", "numero": "34", "tipo__sigla": "ATA O", "tipo__descricao": "Ata - Reuni\u00e3o Ordin\u00e1ria", "autoria": "", "texto_original": "http://sapl.natercia.mg.leg.br/media/./sapl/public/materialegislativa/2018/571/571_texto_integral.pdf", "ementa": "ATA DA TRIG\u00c9SIMA QUARTA REUNI\u00c3O ORDIN\u00c1RIA DA C\u00c2MARA MUNICIPAL DE NAT\u00c9RCIA DA 22\u00aa LEGISLATURA."}, {"id": "581", "ano": "2018", "numero": "35", "tipo__sigla": "ATA O", "tipo__descricao": "Ata - Reuni\u00e3o Ordin\u00e1ria", "autoria": "", "texto_original": "http://sapl.natercia.mg.leg.br/media/./sapl/public/materialegislativa/2018/581/581_texto_integral.pdf", "ementa": "ATA DA TRIG\u00c9SIMA QUINTA REUNI\u00c3O ORDIN\u00c1RIA DA C\u00c2MARA MUNICIPAL DE NAT\u00c9RCIA DA 22\u00aa LEGISLATURA."}, {"id": "583", "ano": "2018", "numero": "36", "tipo__sigla": "ATA O", "tipo__descricao": "Ata - Reuni\u00e3o Ordin\u00e1ria", "autoria": "", "texto_original": "http://sapl.natercia.mg.leg.br/media/./sapl/public/materialegislativa/2018/583/583_texto_integral.pdf", "ementa": "ATA DA TRIG\u00c9SIMA SEXTA REUNI\u00c3O ORDIN\u00c1RIA DA C\u00c2MARA MUNICIPAL DE NAT\u00c9RCIA DA 22\u00aa LEGISLATURA."}, {"id": "592", "ano": "2018", "numero": "37", "tipo__sigla": "ATA O", "tipo__descricao": "Ata - Reuni\u00e3o Ordin\u00e1ria", "autoria": "", "texto_original": "http://sapl.natercia.mg.leg.br/media/sapl/public/materialegislativa/2018/592/37a_reuniao_ordinaria.pdf", "ementa": "ATA DA TRIG\u00c9SIMA S\u00c9TIMA REUNI\u00c3O ORDIN\u00c1RIA DA C\u00c2MARA MUNICIPAL DE NAT\u00c9RCIA DA 22\u00aa LEGISLATURA."}, {"id": "593", "ano": "2018", "numero": "38", "tipo__sigla": "ATA O", "tipo__descricao": "Ata - Reuni\u00e3o Ordin\u00e1ria", "autoria": "", "texto_original": "http://sapl.natercia.mg.leg.br/media/sapl/public/materialegislativa/2018/593/38a_reuniao_ordinaria.pdf", "ementa": "ATA DA TRIG\u00c9SIMA OITAVA REUNI\u00c3O ORDIN\u00c1RIA DA C\u00c2MARA MUNICIPAL DE NAT\u00c9RCIA DA 22\u00aa LEGISLATURA."}, {"id": "599", "ano": "2018", "numero": "39", "tipo__sigla": "ATA O", "tipo__descricao": "Ata - Reuni\u00e3o Ordin\u00e1ria", "autoria": "", "texto_original": "http://sapl.natercia.mg.leg.br/media/sapl/public/materialegislativa/2018/599/39a_reuniao_ordinaria.pdf", "ementa": "ATA DA TRIG\u00c9SIMA NONA REUNI\u00c3O ORDIN\u00c1RIA DA C\u00c2MARA MUNICIPAL DE NAT\u00c9RCIA DA 22\u00aa LEGISLATURA."}, {"id": "600", "ano": "2018", "numero": "40", "tipo__sigla": "ATA O", "tipo__descricao": "Ata - Reuni\u00e3o Ordin\u00e1ria", "autoria": "", "texto_original": "http://sapl.natercia.mg.leg.br/media/sapl/public/materialegislativa/2018/600/40a_reuniao_ordinaria.pdf", "ementa": "ATA DA QUADRAG\u00c9SIMA REUNI\u00c3O ORDIN\u00c1RIA DA C\u00c2MARA MUNICIPAL DE NAT\u00c9RCIA DA 22\u00aa LEGISLATURA."}, {"id": "605", "ano": "2018", "numero": "41", "tipo__sigla": "ATA O", "tipo__descricao": "Ata - Reuni\u00e3o Ordin\u00e1ria", "autoria": "", "texto_original": "http://sapl.natercia.mg.leg.br/media/sapl/public/materialegislativa/2018/605/41a_reuniao_ordinaria.pdf", "ementa": "ATA DA QUADRAG\u00c9SIMA PRIMEIRA REUNI\u00c3O ORDIN\u00c1RIA DA C\u00c2MARA MUNICIPAL DE NAT\u00c9RCIA DA 22\u00aa LEGISLATURA."}, {"id": "608", "ano": "2018", "numero": "42", "tipo__sigla": "ATA O", "tipo__descricao": "Ata - Reuni\u00e3o Ordin\u00e1ria", "autoria": "", "texto_original": "http://sapl.natercia.mg.leg.br/media/sapl/public/materialegislativa/2018/608/42a_reuniao_ordinaria.pdf", "ementa": "ATA DA QUADRAG\u00c9SIMA SEGUNDA REUNI\u00c3O ORDIN\u00c1RIA DA C\u00c2MARA MUNICIPAL DE NAT\u00c9RCIA DA 22\u00aa LEGISLATURA."}, {"id": "609", "ano": "2018", "numero": "43", "tipo__sigla": "ATA O", "tipo__descricao": "Ata - Reuni\u00e3o Ordin\u00e1ria", "autoria": "", "texto_original": "http://sapl.natercia.mg.leg.br/media/sapl/public/materialegislativa/2018/609/43a_reuniao_ordinaria.pdf", "ementa": "ATA DA QUADRAG\u00c9SIMA TERCEIRA REUNI\u00c3O ORDIN\u00c1RIA DA C\u00c2MARA MUNICIPAL DE NAT\u00c9RCIA DA 22\u00aa LEGISLATURA."}, {"id": "489", "ano": "2018", "numero": "1", "tipo__sigla": "IND", "tipo__descricao": "Indica\u00e7\u00e3o", "autoria": "Saulo R\u00e9gis de Vilas B\u00f4as", "texto_original": "http://sapl.natercia.mg.leg.br/media/./sapl/public/materialegislativa/2018/489/489_texto_integral.pdf", "ementa": "Indica ao Sr. Prefeito Municipal que seja vista a possibilidade de substituir a grade de entrada do Centro de Fisioterapia Municipal por um port\u00e3o e construir uma rampa de acesso para entrada dos pacientes com maca."}, {"id": "490", "ano": "2018", "numero": "2", "tipo__sigla": "IND", "tipo__descricao": "Indica\u00e7\u00e3o", "autoria": "Saulo R\u00e9gis de Vilas B\u00f4as", "texto_original": "http://sapl.natercia.mg.leg.br/media/./sapl/public/materialegislativa/2018/490/490_texto_integral.pdf", "ementa": "Indica ao Sr. Prefeito Municipal que seja vista a possibilidade de consertar o cal\u00e7amento da rua Alberico Gallo esquina com a rua Coronel Paiva."}, {"id": "500", "ano": "2018", "numero": "3", "tipo__sigla": "IND", "tipo__descricao": "Indica\u00e7\u00e3o", "autoria": "Antonio Carlos de Souza", "texto_original": "http://sapl.natercia.mg.leg.br/media/./sapl/public/materialegislativa/2018/500/500_texto_integral.pdf", "ementa": "Indica ao Sr. Prefeito Municipal que seja vista a possibilidade de colocar uma linha de telefone celular na Escola Municipal S\u00e3o Francisco no Bairro dos Fagundes."}, {"id": "501", "ano": "2018", "numero": "4", "tipo__sigla": "IND", "tipo__descricao": "Indica\u00e7\u00e3o", "autoria": "Antonio Carlos de Souza", "texto_original": "http://sapl.natercia.mg.leg.br/media/./sapl/public/materialegislativa/2018/501/501_texto_integral.pdf", "ementa": "Indica ao Sr. Prefeito Municipal que seja vista a possibilidade de consertar a cerca de tela ao redor da Escola Municipal S\u00e3o Francisco no Bairro dos Fagundes."}, {"id": "502", "ano": "2018", "numero": "5", "tipo__sigla": "IND", "tipo__descricao": "Indica\u00e7\u00e3o", "autoria": "Alessandra Caetano de Siqueira", "texto_original": "http://sapl.natercia.mg.leg.br/media/./sapl/public/materialegislativa/2018/502/502_texto_integral.pdf", "ementa": "Indica ao Sr. Prefeito Municipal que seja vista a possibilidade de realizar a limpeza dos entulhos que se encontram na entrada do lix\u00e3o no Bairro da Vargem Comprida."}, {"id": "503", "ano": "2018", "numero": "6", "tipo__sigla": "IND", "tipo__descricao": "Indica\u00e7\u00e3o", "autoria": "Leonardo Barreto da Silva , Silviano Reis do Vale", "texto_original": "http://sapl.natercia.mg.leg.br/media/./sapl/public/materialegislativa/2018/503/503_texto_integral.pdf", "ementa": "Indicam ao Sr. Prefeito Municipal que seja vista a possibilidade de realizar a manuten\u00e7\u00e3o dos postes de eucalipto e dos postinhos de cimento que fixam o alambrado do Campo de Futebol Municipal \"Jos\u00e9 Carlos da Silva\" e do Campo Municipal do Bairro da Vargem Comprida \"Joaquim Lino de Siqueira\"."}, {"id": "504", "ano": "2018", "numero": "7", "tipo__sigla": "IND", "tipo__descricao": "Indica\u00e7\u00e3o", "autoria": "Leonardo Barreto da Silva ", "texto_original": "http://sapl.natercia.mg.leg.br/media/./sapl/public/materialegislativa/2018/504/504_texto_integral.pdf", "ementa": "Indica ao Sr. Prefeito Municipal que seja vista a possibilidade de entrar em contato com a CEMIG ou o \u00f3rg\u00e3o respons\u00e1vel para que seja colocado um bra\u00e7o com l\u00e2mpada no poste j\u00e1 existente na rua Manoel Eufr\u00e1sio de Carvalho em frente \u00e0 casa da Cidinha do Kodak."}, {"id": "505", "ano": "2018", "numero": "8", "tipo__sigla": "IND", "tipo__descricao": "Indica\u00e7\u00e3o", "autoria": "Leonardo Barreto da Silva ", "texto_original": "http://sapl.natercia.mg.leg.br/media/./sapl/public/materialegislativa/2018/505/505_texto_integral.pdf", "ementa": "Indica ao Sr. Prefeito Municipal que seja vista a possibilidade de realizar a manuten\u00e7\u00e3o em todo o cal\u00e7amento da rua Santa Catarina, principalmente em frente \u00e0 casa do sr. Rafael."}, {"id": "506", "ano": "2018", "numero": "9", "tipo__sigla": "IND", "tipo__descricao": "Indica\u00e7\u00e3o", "autoria": "Jos\u00e9 Messias Jonas", "texto_original": "http://sapl.natercia.mg.leg.br/media/./sapl/public/materialegislativa/2018/506/506_texto_integral.pdf", "ementa": "Indica ao Sr. Prefeito Municipal que vista a possibilidade de realizar a limpeza da rua em frente \u00e0 esta\u00e7\u00e3o de tratamento da COPASA."}, {"id": "507", "ano": "2018", "numero": "10", "tipo__sigla": "IND", "tipo__descricao": "Indica\u00e7\u00e3o", "autoria": "Leonardo Barreto da Silva , Silviano Reis do Vale", "texto_original": "http://sapl.natercia.mg.leg.br/media/./sapl/public/materialegislativa/2018/507/507_texto_integral.pdf", "ementa": "Indicam ao Sr. Prefeito Municipal que seja vista a possibilidade de entrar em contato com a CEMIG ou o \u00f3rg\u00e3o respons\u00e1vel para que seja realizada a ilumina\u00e7\u00e3o da rua Jos\u00e9 Paulino de Freitas e tamb\u00e9m da pista de caminhada que est\u00e1 sendo constru\u00edda."}, {"id": "508", "ano": "2018", "numero": "11", "tipo__sigla": "IND", "tipo__descricao": "Indica\u00e7\u00e3o", "autoria": "Leonardo Barreto da Silva , Silviano Reis do Vale", "texto_original": "http://sapl.natercia.mg.leg.br/media/./sapl/public/materialegislativa/2018/508/508_texto_integral.pdf", "ementa": "Indicam ao Sr. Prefeito Municipal que seja vista a possibilidade de realizar a limpeza e poda de \u00e1rvores no morro do Santos Cruzeiro."}, {"id": "509", "ano": "2018", "numero": "12", "tipo__sigla": "IND", "tipo__descricao": "Indica\u00e7\u00e3o", "autoria": "Odair Claudinei da Silva", "texto_original": "http://sapl.natercia.mg.leg.br/media/./sapl/public/materialegislativa/2018/509/509_texto_integral.pdf", "ementa": "Indica ao Sr. Prefeito Municipal que seja vista a possibilidade de arrumar a estrada que d\u00e1 acesso a resid\u00eancia do sr. Francisco Fernandes no Bairro da Varginha, com urg\u00eancia."}, {"id": "512", "ano": "2018", "numero": "13", "tipo__sigla": "IND", "tipo__descricao": "Indica\u00e7\u00e3o", "autoria": "Leonardo Barreto da Silva ", "texto_original": "http://sapl.natercia.mg.leg.br/media/./sapl/public/materialegislativa/2018/512/512_texto_integral.pdf", "ementa": "Indica ao Sr. Prefeito Municipal que seja vista a possibilidade da limpeza do c\u00f3rrego que passa na rua Coronel Paiva."}, {"id": "514", "ano": "2018", "numero": "14", "tipo__sigla": "IND", "tipo__descricao": "Indica\u00e7\u00e3o", "autoria": "Leonardo Barreto da Silva ", "texto_original": "http://sapl.natercia.mg.leg.br/media/./sapl/public/materialegislativa/2018/514/514_texto_integral.pdf", "ementa": "Indica ao Sr. Prefeito Municipal que seja vista a possibilidade de realizar o cal\u00e7amento at\u00e9 o fim da Rua do Castelo, nas proximidades da casa da senhora Maria Aparecida dos Reis Neves."}, {"id": "515", "ano": "2018", "numero": "15", "tipo__sigla": "IND", "tipo__descricao": "Indica\u00e7\u00e3o", "autoria": "Leonardo Barreto da Silva ", "texto_original": "http://sapl.natercia.mg.leg.br/media/./sapl/public/materialegislativa/2018/515/515_texto_integral.pdf", "ementa": "Indica ao Sr. Prefeito Municipal que seja vista a possibilidade de colocar uma placa de estacionamento regulamentado de 5 minutos para paradas r\u00e1pidas na rua S\u00e3o Pedro, em frente a Panificadora Nat\u00e9rcia."}, {"id": "516", "ano": "2018", "numero": "16", "tipo__sigla": "IND", "tipo__descricao": "Indica\u00e7\u00e3o", "autoria": "Alessandra Caetano de Siqueira, Antonio Carlos de Souza, Jos\u00e9 Messias Jonas, Leonardo Barreto da Silva , Odair Claudinei da Silva, Saulo R\u00e9gis de Vilas B\u00f4as, Silviano Reis do Vale, Vera L\u00facia Junho dos Reis", "texto_original": "http://sapl.natercia.mg.leg.br/media/./sapl/public/materialegislativa/2018/516/516_texto_integral.pdf", "ementa": "Indicam ao Sr. Prefeito Municipal o que segue: limpeza semanal do Clube Recreativo Municipal; manuten\u00e7\u00e3o e reparo da parte hidr\u00e1ulica do local; e por fim que se fa\u00e7a cumprir a Lei 1281/2015 que \"Regulamenta o uso do Clube Recreativo Catarinense do munic\u00edpio de Nat\u00e9rcia para realiza\u00e7\u00e3o de eventos\"."}, {"id": "520", "ano": "2018", "numero": "17", "tipo__sigla": "IND", "tipo__descricao": "Indica\u00e7\u00e3o", "autoria": "Saulo R\u00e9gis de Vilas B\u00f4as", "texto_original": "http://sapl.natercia.mg.leg.br/media/./sapl/public/materialegislativa/2018/520/520_texto_integral.pdf", "ementa": "Indica ao Sr. Prefeito Municipal que seja visto a possibilidade de realizar a limpeza do bueiro da comunidade do Bairro do S\u00e3o Bernardo, pr\u00f3ximo a Igreja."}, {"id": "521", "ano": "2018", "numero": "18", "tipo__sigla": "IND", "tipo__descricao": "Indica\u00e7\u00e3o", "autoria": "Alessandra Caetano de Siqueira, Saulo R\u00e9gis de Vilas B\u00f4as", "texto_original": "http://sapl.natercia.mg.leg.br/media/./sapl/public/materialegislativa/2018/521/521_texto_integral.pdf", "ementa": "Indicam ao Sr. Prefeito Municipal que seja visto a possibilidade de realizar a manuten\u00e7\u00e3o e pintura do escad\u00e3o pr\u00f3ximo ao hospital municipal e do escad\u00e3o que liga a rua Jos\u00e9 Ananias Magalh\u00e3es \u00e0 rua Ant\u00f4nio Luis Pereira."}, {"id": "522", "ano": "2018", "numero": "19", "tipo__sigla": "IND", "tipo__descricao": "Indica\u00e7\u00e3o", "autoria": "Leonardo Barreto da Silva ", "texto_original": "http://sapl.natercia.mg.leg.br/media/./sapl/public/materialegislativa/2018/522/522_texto_integral.pdf", "ementa": "Indica ao Sr. Prefeito Municipal que seja visto a possibilidade de realizar a limpeza dos lotes atr\u00e1s da rua Sebasti\u00e3o Tom\u00e1s de Souza."}, {"id": "523", "ano": "2018", "numero": "20", "tipo__sigla": "IND", "tipo__descricao": "Indica\u00e7\u00e3o", "autoria": "Odair Claudinei da Silva", "texto_original": "http://sapl.natercia.mg.leg.br/media/./sapl/public/materialegislativa/2018/523/523_texto_integral.pdf", "ementa": "Indica ao Sr. Prefeito Municipal que seja visto a possibilidade de enviar a m\u00e1quina patrol para o Bairro dos Fagundes com urg\u00eancia, pois a estrada encontra-se em p\u00e9ssimas condi\u00e7\u00f5es."}, {"id": "524", "ano": "2018", "numero": "21", "tipo__sigla": "IND", "tipo__descricao": "Indica\u00e7\u00e3o", "autoria": "Jos\u00e9 Messias Jonas", "texto_original": "http://sapl.natercia.mg.leg.br/media/./sapl/public/materialegislativa/2018/524/524_texto_integral.pdf", "ementa": "Indica ao Sr. Prefeito Municipal que seja visto a possibilidade de realizar o concerto do instrumento que a Banda Lira Catarinense empresta para a Congada de S\u00e3o Benedito."}, {"id": "529", "ano": "2018", "numero": "22", "tipo__sigla": "IND", "tipo__descricao": "Indica\u00e7\u00e3o", "autoria": "Leonardo Barreto da Silva , Silviano Reis do Vale", "texto_original": "http://sapl.natercia.mg.leg.br/media/./sapl/public/materialegislativa/2018/529/529_texto_integral.pdf", "ementa": "Indicam ao Sr. Prefeito Municipal que durante a Festa de Pe\u00e3o n\u00e3o seja utilizado o espa\u00e7o da pista de caminhada para estacionamento de ve\u00edculos."}, {"id": "537", "ano": "2018", "numero": "23", "tipo__sigla": "IND", "tipo__descricao": "Indica\u00e7\u00e3o", "autoria": "Odair Claudinei da Silva", "texto_original": "http://sapl.natercia.mg.leg.br/media/./sapl/public/materialegislativa/2018/537/537_texto_integral.pdf", "ementa": "Indica ao Sr. Prefeito Municipal que seja visto a possibilidade de arrumar as estradas do Bairro dos Fagundes e do Bairro do Sert\u00e3ozinho que encontram-se em p\u00e9ssimas condi\u00e7\u00f5es."}, {"id": "538", "ano": "2018", "numero": "24", "tipo__sigla": "IND", "tipo__descricao": "Indica\u00e7\u00e3o", "autoria": "Odair Claudinei da Silva", "texto_original": "http://sapl.natercia.mg.leg.br/media/./sapl/public/materialegislativa/2018/538/538_texto_integral.pdf", "ementa": "Indica ao Sr. Prefeito Municipal que seja visto a possibilidade de concertar o passador de gado no Bairro da Bocaina na propriedade do senhor Amador Santana."}, {"id": "539", "ano": "2018", "numero": "25", "tipo__sigla": "IND", "tipo__descricao": "Indica\u00e7\u00e3o", "autoria": "Ant\u00f4nio Noel de Souza, Odair Claudinei da Silva", "texto_original": "http://sapl.natercia.mg.leg.br/media/./sapl/public/materialegislativa/2018/539/539_texto_integral.pdf", "ementa": "Indicam ao Sr. Prefeito Municipal que solicite ao engenheiro da Prefeitura Municipal que verifique a ponte da sa\u00edda da cidade."}, {"id": "540", "ano": "2018", "numero": "26", "tipo__sigla": "IND", "tipo__descricao": "Indica\u00e7\u00e3o", "autoria": "Odair Claudinei da Silva", "texto_original": "http://sapl.natercia.mg.leg.br/media/./sapl/public/materialegislativa/2018/540/540_texto_integral.pdf", "ementa": "Indica ao Sr. Prefeito Municipal que seja visto a possibilidade de mandar \u00e1gua pot\u00e1vel para a escola do Bairro dos Fagundes."}, {"id": "541", "ano": "2018", "numero": "27", "tipo__sigla": "IND", "tipo__descricao": "Indica\u00e7\u00e3o", "autoria": "Leonardo Barreto da Silva ", "texto_original": "http://sapl.natercia.mg.leg.br/media/./sapl/public/materialegislativa/2018/541/541_texto_integral.pdf", "ementa": "Indica ao Sr. Prefeito Municipal que seja vista a possibilidade de entrar em contato com a CEMIG ou o \u00f3rg\u00e3o respons\u00e1vel para que seja colocado os bra\u00e7os com l\u00e2mpadas nos postes existentes no Bairro do Mato Dentro."}, {"id": "542", "ano": "2018", "numero": "28", "tipo__sigla": "IND", "tipo__descricao": "Indica\u00e7\u00e3o", "autoria": "Leonardo Barreto da Silva , Saulo R\u00e9gis de Vilas B\u00f4as", "texto_original": "http://sapl.natercia.mg.leg.br/media/./sapl/public/materialegislativa/2018/542/542_texto_integral.pdf", "ementa": "Indicam ao Sr. Prefeito Municipal que seja vista a possibilidade de realizar a limpeza dos lotes situados na rua Joaquim Lino de Vilas B\u00f4as."}, {"id": "543", "ano": "2018", "numero": "29", "tipo__sigla": "IND", "tipo__descricao": "Indica\u00e7\u00e3o", "autoria": "Leonardo Barreto da Silva , Silviano Reis do Vale", "texto_original": "http://sapl.natercia.mg.leg.br/media/./sapl/public/materialegislativa/2018/543/543_texto_integral.pdf", "ementa": "Indicam ao Sr. Prefeito Municipal que seja vista a possibilidade de utilizar o resto de asfalto na rua Jos\u00e9 Ananias Magalh\u00e3es, na entrada da cidade sentido Concei\u00e7\u00e3o das Pedras."}, {"id": "544", "ano": "2018", "numero": "30", "tipo__sigla": "IND", "tipo__descricao": "Indica\u00e7\u00e3o", "autoria": "Saulo R\u00e9gis de Vilas B\u00f4as", "texto_original": "http://sapl.natercia.mg.leg.br/media/./sapl/public/materialegislativa/2018/544/544_texto_integral.pdf", "ementa": "Indica ao Sr. Prefeito Municipal que seja vista a possibilidade de passar a m\u00e1quina na estrada da sa\u00edda do Bairro da Chapada at\u00e9 as proximidades da propriedade do senhor Ant\u00f4nio Zote."}, {"id": "545", "ano": "2018", "numero": "31", "tipo__sigla": "IND", "tipo__descricao": "Indica\u00e7\u00e3o", "autoria": "Saulo R\u00e9gis de Vilas B\u00f4as", "texto_original": "http://sapl.natercia.mg.leg.br/media/./sapl/public/materialegislativa/2018/545/545_texto_integral.pdf", "ementa": "Indica ao Sr. Prefeito Municipal que seja vista a possibilidade de concertar o bueiro na estrada principal de acesso a cidade de Concei\u00e7\u00e3o das Pedras, nas proximidades da fazenda do senhor Joaquim da bomba."}, {"id": "546", "ano": "2018", "numero": "32", "tipo__sigla": "IND", "tipo__descricao": "Indica\u00e7\u00e3o", "autoria": "Saulo R\u00e9gis de Vilas B\u00f4as", "texto_original": "http://sapl.natercia.mg.leg.br/media/./sapl/public/materialegislativa/2018/546/546_texto_integral.pdf", "ementa": "Indica ao Sr. Prefeito Municipal que seja vista a possibilidade de concertar a estrada que d\u00e1 acesso a propriedade do senhor M\u00e1rio Faustino."}, {"id": "547", "ano": "2018", "numero": "33", "tipo__sigla": "IND", "tipo__descricao": "Indica\u00e7\u00e3o", "autoria": "Jos\u00e9 Messias Jonas", "texto_original": "http://sapl.natercia.mg.leg.br/media/./sapl/public/materialegislativa/2018/547/547_texto_integral.pdf", "ementa": "Indica ao Sr. Prefeito Municipal que seja vista a possibilidade de colocar placas com os nomes das ruas no local conhecido como Brejinho."}, {"id": "552", "ano": "2018", "numero": "34", "tipo__sigla": "IND", "tipo__descricao": "Indica\u00e7\u00e3o", "autoria": "Alessandra Caetano de Siqueira, Antonio Carlos de Souza, Ant\u00f4nio Noel de Souza, Jos\u00e9 Messias Jonas, Leonardo Barreto da Silva , Odair Claudinei da Silva, Saulo R\u00e9gis de Vilas B\u00f4as, Silviano Reis do Vale, Vera L\u00facia Junho dos Reis", "texto_original": "http://sapl.natercia.mg.leg.br/media/./sapl/public/materialegislativa/2018/552/552_texto_integral.pdf", "ementa": "Indicam ao Sr. Prefeito Municipal que seja tomada as provid\u00eancias urgentes e necess\u00e1rias quanto a ponte existente na rua Concei\u00e7\u00e3o Alves da Silva."}, {"id": "553", "ano": "2018", "numero": "35", "tipo__sigla": "IND", "tipo__descricao": "Indica\u00e7\u00e3o", "autoria": "Alessandra Caetano de Siqueira, Antonio Carlos de Souza, Ant\u00f4nio Noel de Souza, Jos\u00e9 Messias Jonas, Leonardo Barreto da Silva , Odair Claudinei da Silva, Saulo R\u00e9gis de Vilas B\u00f4as, Silviano Reis do Vale, Vera L\u00facia Junho dos Reis", "texto_original": "http://sapl.natercia.mg.leg.br/media/./sapl/public/materialegislativa/2018/553/553_texto_integral.pdf", "ementa": "Indicam ao Sr. Prefeito Municipal que seja tomada as provid\u00eancias urgentes quanto a constru\u00e7\u00e3o de travessias elevadas na rua Benedito Bueno dos Santos."}, {"id": "554", "ano": "2018", "numero": "36", "tipo__sigla": "IND", "tipo__descricao": "Indica\u00e7\u00e3o", "autoria": "Odair Claudinei da Silva", "texto_original": "http://sapl.natercia.mg.leg.br/media/./sapl/public/materialegislativa/2018/554/554_texto_integral.pdf", "ementa": "Indica ao Sr. Prefeito Municipal que seja tomada provid\u00eancias urgentes quanto a redu\u00e7\u00e3o de velocidade na pra\u00e7a da Bandeira, nas proximidades da Delegacia Municipal e da Panificadora Nat\u00e9rcia."}, {"id": "558", "ano": "2018", "numero": "37", "tipo__sigla": "IND", "tipo__descricao": "Indica\u00e7\u00e3o", "autoria": "Jos\u00e9 Messias Jonas", "texto_original": "http://sapl.natercia.mg.leg.br/media/./sapl/public/materialegislativa/2018/558/558_texto_integral.pdf", "ementa": "Indica ao Sr. Prefeito Municipal que seja tomada as provid\u00eancias urgentes quanto a redu\u00e7\u00e3o de velocidade nas proximidades da casa do senhor Gabriel no bairro Santa Cec\u00edlia."}, {"id": "559", "ano": "2018", "numero": "38", "tipo__sigla": "IND", "tipo__descricao": "Indica\u00e7\u00e3o", "autoria": "Jos\u00e9 Messias Jonas", "texto_original": "http://sapl.natercia.mg.leg.br/media/./sapl/public/materialegislativa/2018/559/559_texto_integral.pdf", "ementa": "Indica ao Sr. Prefeito Municipal que seja visto a possibilidade de construir banheiros ou reformar os banheiros do vesti\u00e1rio do antigo campo de futebol existente nas proximidades da pista de caminhada."}, {"id": "560", "ano": "2018", "numero": "39", "tipo__sigla": "IND", "tipo__descricao": "Indica\u00e7\u00e3o", "autoria": "Alessandra Caetano de Siqueira", "texto_original": "http://sapl.natercia.mg.leg.br/media/./sapl/public/materialegislativa/2018/560/560_texto_integral.pdf", "ementa": "Indica ao Sr. Prefeito Municipal que seja visto a possibilidade de realizar as trocas das l\u00e2mpadas queimadas dos postes da Pra\u00e7a Matriz."}, {"id": "561", "ano": "2018", "numero": "40", "tipo__sigla": "IND", "tipo__descricao": "Indica\u00e7\u00e3o", "autoria": "Ant\u00f4nio Noel de Souza", "texto_original": "http://sapl.natercia.mg.leg.br/media/./sapl/public/materialegislativa/2018/561/561_texto_integral.pdf", "ementa": "Indica ao Sr. Prefeito Municipal que em dias de feriados, festas e f\u00e9rias sejam tomadas as provid\u00eancias quanto as placas de proibido estacionar na \u00e1rea escolar."}, {"id": "566", "ano": "2018", "numero": "41", "tipo__sigla": "IND", "tipo__descricao": "Indica\u00e7\u00e3o", "autoria": "Odair Claudinei da Silva", "texto_original": "http://sapl.natercia.mg.leg.br/media/./sapl/public/materialegislativa/2018/566/566_texto_integral.pdf", "ementa": "Indica ao Sr. Prefeito Municipal que seja visto a possibilidade de arrumar urgente a manilha da estrada principal do Pinhalzinho que d\u00e1 acesso a casa do senhor Benedito Leriano e do senhor Inho Am\u00e9rico."}, {"id": "567", "ano": "2018", "numero": "42", "tipo__sigla": "IND", "tipo__descricao": "Indica\u00e7\u00e3o", "autoria": "Alessandra Caetano de Siqueira, Antonio Carlos de Souza, Ant\u00f4nio Noel de Souza, Jos\u00e9 Messias Jonas, Odair Claudinei da Silva, Saulo R\u00e9gis de Vilas B\u00f4as, Silviano Reis do Vale, Vera L\u00facia Junho dos Reis", "texto_original": "http://sapl.natercia.mg.leg.br/media/./sapl/public/materialegislativa/2018/567/567_texto_integral.pdf", "ementa": "Indicam ao Sr. Prefeito Municipal que seja tomada as provid\u00eancias urgentes no concerto da ponte da estrada municipal que d\u00e1 acesso as propriedades dos senhores: Jos\u00e9 Cl\u00e9sio, Jos\u00e9 Raimundo Fernandes, Ant\u00f4nio Cibio, Paulo Pedro C\u00e2ndido, Joaquim Cibio, Ant\u00f4nio Egino, Luiz do Ant\u00f4nio Cibio."}, {"id": "568", "ano": "2018", "numero": "43", "tipo__sigla": "IND", "tipo__descricao": "Indica\u00e7\u00e3o", "autoria": "Jos\u00e9 Messias Jonas", "texto_original": "http://sapl.natercia.mg.leg.br/media/./sapl/public/materialegislativa/2018/568/568_texto_integral.pdf", "ementa": "Indica ao Sr. Prefeito Municipal que seja visto a possibilidade de rebaixar a rua perto do lote da APAE."}, {"id": "572", "ano": "2018", "numero": "44", "tipo__sigla": "IND", "tipo__descricao": "Indica\u00e7\u00e3o", "autoria": "Jos\u00e9 Messias Jonas", "texto_original": "http://sapl.natercia.mg.leg.br/media/./sapl/public/materialegislativa/2018/572/572_texto_integral.pdf", "ementa": "Indica ao Sr. Prefeito Municipal que seja visto a possibilidade de reformar a Pra\u00e7a Municipal Jo\u00e3o Honorato de Vilas B\u00f4as e os canteiros."}, {"id": "573", "ano": "2018", "numero": "45", "tipo__sigla": "IND", "tipo__descricao": "Indica\u00e7\u00e3o", "autoria": "Jos\u00e9 Messias Jonas", "texto_original": "http://sapl.natercia.mg.leg.br/media/./sapl/public/materialegislativa/2018/573/573_texto_integral.pdf", "ementa": "Indica ao Sr. Prefeito Municipal que seja visto a possibilidade de colocar um bra\u00e7o de luz no poste da rua Vereador Jo\u00e3o Raimundo de Freitas."}, {"id": "574", "ano": "2018", "numero": "46", "tipo__sigla": "IND", "tipo__descricao": "Indica\u00e7\u00e3o", "autoria": "Jos\u00e9 Messias Jonas", "texto_original": "http://sapl.natercia.mg.leg.br/media/./sapl/public/materialegislativa/2018/574/574_texto_integral.pdf", "ementa": "Indica ao Sr. Prefeito Municipal que seja visto junto ao \u00f3rg\u00e3o respons\u00e1vel a possibilidade de colocar mais um poste na rua Sebasti\u00e3o Gon\u00e7alves dos Reis."}, {"id": "575", "ano": "2018", "numero": "47", "tipo__sigla": "IND", "tipo__descricao": "Indica\u00e7\u00e3o", "autoria": "Odair Claudinei da Silva", "texto_original": "http://sapl.natercia.mg.leg.br/media/./sapl/public/materialegislativa/2018/575/575_texto_integral.pdf", "ementa": "Indica ao Sr. Prefeito Municipal que seja realizada com urg\u00eancia o conserto do passador de gado no terreno do senhor Guinho Barbedo, nas proximidades da encruzilhada da Col\u00f4nia e a Bocaina."}, {"id": "576", "ano": "2018", "numero": "48", "tipo__sigla": "IND", "tipo__descricao": "Indica\u00e7\u00e3o", "autoria": "Leonardo Barreto da Silva ", "texto_original": "http://sapl.natercia.mg.leg.br/media/./sapl/public/materialegislativa/2018/576/576_texto_integral.pdf", "ementa": "Indica ao Sr. Prefeito Municipal que seja realizada a manuten\u00e7\u00e3o do cal\u00e7amento da rua Batista Eufr\u00e1sio de Carvalho, nas proximidades da casa do senhor Dadito."}, {"id": "577", "ano": "2018", "numero": "49", "tipo__sigla": "IND", "tipo__descricao": "Indica\u00e7\u00e3o", "autoria": "Saulo R\u00e9gis de Vilas B\u00f4as", "texto_original": "http://sapl.natercia.mg.leg.br/media/./sapl/public/materialegislativa/2018/577/577_texto_integral.pdf", "ementa": "Indica ao Sr. Prefeito Municipal que seja visto a possibilidade de colocar ilumina\u00e7\u00e3o externa na quadra do Conjunto Habitacional Santa Catarina."}, {"id": "584", "ano": "2018", "numero": "50", "tipo__sigla": "IND", "tipo__descricao": "Indica\u00e7\u00e3o", "autoria": "Saulo R\u00e9gis de Vilas B\u00f4as", "texto_original": "http://sapl.natercia.mg.leg.br/media/./sapl/public/materialegislativa/2018/584/584_texto_integral.pdf", "ementa": "Indica ao Sr. Prefeito Municipal que seja visto a possibilidade de construir uma rampa de acessibilidade no pr\u00e9dio da antiga prefeitura."}, {"id": "585", "ano": "2018", "numero": "51", "tipo__sigla": "IND", "tipo__descricao": "Indica\u00e7\u00e3o", "autoria": "Antonio Carlos de Souza", "texto_original": "http://sapl.natercia.mg.leg.br/media/./sapl/public/materialegislativa/2018/585/585_texto_integral.pdf", "ementa": "Indica ao Sr. Prefeito Municipal que seja visto a possibilidade de consertar o cal\u00e7amento no final da rua Manuel Lino dos Reis e in\u00edcio da rua Ant\u00f4nio Dias de Carvalho."}, {"id": "602", "ano": "2018", "numero": "52", "tipo__sigla": "IND", "tipo__descricao": "Indica\u00e7\u00e3o", "autoria": "Odair Claudinei da Silva", "texto_original": "http://sapl.natercia.mg.leg.br/media/sapl/public/materialegislativa/2018/602/indicacao_52-2018.pdf", "ementa": "Indica ao Sr. Prefeito Municipal que sejam instalados os mata-burros que se encontram na estrada na divisa das terras do senhor Maur\u00edcio do Dito Lino e do Andr\u00e9 do Tinho."}, {"id": "614", "ano": "2018", "numero": "53", "tipo__sigla": "IND", "tipo__descricao": "Indica\u00e7\u00e3o", "autoria": "Jos\u00e9 Messias Jonas", "texto_original": "http://sapl.natercia.mg.leg.br/media/sapl/public/materialegislativa/2018/614/indicacao_53-2018.pdf", "ementa": "Indica ao Sr. Prefeito Municipal que seja instalada uma nova caixa de \u00e1gua no Bairro do Turvo."}, {"id": "615", "ano": "2018", "numero": "54", "tipo__sigla": "IND", "tipo__descricao": "Indica\u00e7\u00e3o", "autoria": "Jos\u00e9 Messias Jonas", "texto_original": "http://sapl.natercia.mg.leg.br/media/sapl/public/materialegislativa/2018/615/indicacao_54-2018.pdf", "ementa": "Indica ao Sr. Prefeito Municipal que seja vista a possibilidade de realizar a limpeza da rua em frente \u00e0 esta\u00e7\u00e3o de tratamento da COPASA."}, {"id": "616", "ano": "2018", "numero": "55", "tipo__sigla": "IND", "tipo__descricao": "Indica\u00e7\u00e3o", "autoria": "Saulo R\u00e9gis de Vilas B\u00f4as", "texto_original": "http://sapl.natercia.mg.leg.br/media/sapl/public/materialegislativa/2018/616/indicacao_55-2018.pdf", "ementa": "Indica ao Sr. Prefeito Municipal que seja vista a possibilidade de consertar o buraco da estrada principal sentido aos bairros S\u00e3o Bernardo e Turvo, nas proximidades da propriedade do jovem Gabriel."}, {"id": "488", "ano": "2018", "numero": "1", "tipo__sigla": "PLC", "tipo__descricao": "Projeto de Lei Complementar", "autoria": "Poder Executivo", "texto_original": "http://sapl.natercia.mg.leg.br/media/./sapl/public/materialegislativa/2018/488/488_texto_integral.pdf", "ementa": "\"CONCEDE ADICIONAL TRINTEN\u00c1RIO E D\u00c1 OUTRAS PROVID\u00caNCIAS.\""}, {"id": "511", "ano": "2018", "numero": "2", "tipo__sigla": "PLC", "tipo__descricao": "Projeto de Lei Complementar", "autoria": "Poder Executivo", "texto_original": "http://sapl.natercia.mg.leg.br/media/./sapl/public/materialegislativa/2018/511/511_texto_integral.pdf", "ementa": "\"CONSOLIDA AS LEIS DE POSTURAS EM \u00c2MBITO MUNICIPAL E D\u00c1 OUTRAS PROVID\u00caNCIAS.\""}, {"id": "534", "ano": "2018", "numero": "3", "tipo__sigla": "PLC", "tipo__descricao": "Projeto de Lei Complementar", "autoria": "Poder Executivo", "texto_original": "http://sapl.natercia.mg.leg.br/media/./sapl/public/materialegislativa/2018/534/534_texto_integral.pdf", "ementa": "\"CRIA VAGAS NOS CARGOS ESPECIFICADOS E D\u00c1 OUTRAS PROVID\u00caNCIAS.\""}, {"id": "562", "ano": "2018", "numero": "4", "tipo__sigla": "PLC", "tipo__descricao": "Projeto de Lei Complementar", "autoria": "Poder Executivo", "texto_original": "http://sapl.natercia.mg.leg.br/media/./sapl/public/materialegislativa/2018/562/562_texto_integral.pdf", "ementa": "\"CRIA VAGA NO CARGO ESPECIFICADO E D\u00c1 OUTRAS PROVID\u00caNCIAS.\""}, {"id": "481", "ano": "2018", "numero": "1", "tipo__sigla": "PLO", "tipo__descricao": "Projeto de Lei Ordin\u00e1ria", "autoria": "Poder Executivo", "texto_original": "http://sapl.natercia.mg.leg.br/media/sapl/public/materialegislativa/2018/481/1_plo_1-2018.pdf", "ementa": "\"AUTORIZA O PODER EXECUTIVO A DOAR LOTE DE TERRENO QUE ESPECIFICA E D\u00c1 OUTRAS PROVID\u00caNCIAS.\""}, {"id": "482", "ano": "2018", "numero": "2", "tipo__sigla": "PLO", "tipo__descricao": "Projeto de Lei Ordin\u00e1ria", "autoria": "Poder Executivo", "texto_original": "http://sapl.natercia.mg.leg.br/media/sapl/public/materialegislativa/2018/482/1_plo_2-2018.pdf", "ementa": "\"CONCEDE REVIS\u00c3O GERAL ANUAL DA REMUNERA\u00c7\u00c3O DOS SERVIDORES P\u00daBLICOS EFETIVOS, INATIVOS, PENSIONISTAS, COMISSIONADOS, CONTRATADOS POR TEMPO DETERMINADO E D\u00c1 OUTRAS PROVID\u00caNCIAS.\""}, {"id": "483", "ano": "2018", "numero": "3", "tipo__sigla": "PLO", "tipo__descricao": "Projeto de Lei Ordin\u00e1ria", "autoria": "Poder Executivo", "texto_original": "http://sapl.natercia.mg.leg.br/media/sapl/public/materialegislativa/2018/483/1_plo_3-2018.pdf", "ementa": "\"DISP\u00d5E SOBRE A CONCESS\u00c3O DE REVIS\u00c3O GERAL ANUAL DE SUBS\u00cdDIOS AOS AGENTES POL\u00cdTICOS MUNICIPAIS E ESTABELECE OUTRAS PROVID\u00caNCIAS.\""}, {"id": "484", "ano": "2018", "numero": "4", "tipo__sigla": "PLO", "tipo__descricao": "Projeto de Lei Ordin\u00e1ria", "autoria": "Poder Executivo", "texto_original": "http://sapl.natercia.mg.leg.br/media/sapl/public/materialegislativa/2018/484/1_plo_4-2018.pdf", "ementa": "\"CONCEDE AUMENTO REAL PARA ACOMPANHAR O PISO NACIONAL E ATINGIR O PERCENTUAL DOS RECURSOS DO FUNDEB &#8211; LIMITE M\u00cdNIMO DOS 60%.\""}, {"id": "485", "ano": "2018", "numero": "5", "tipo__sigla": "PLO", "tipo__descricao": "Projeto de Lei Ordin\u00e1ria", "autoria": "Poder Executivo", "texto_original": "http://sapl.natercia.mg.leg.br/media/sapl/public/materialegislativa/2018/485/1_plo_5-2018.pdf", "ementa": "\"AUTORIZA O PODER EXECUTIVO A CEDER SERVIDOR EFETIVO AO TJMG &#8211; F\u00d3RUM DA JUSTI\u00c7A ESTADUAL DE NAT\u00c9RCIA E D\u00c1 OUTRAS PROVID\u00caNCIAS.\""}, {"id": "487", "ano": "2018", "numero": "6", "tipo__sigla": "PLO", "tipo__descricao": "Projeto de Lei Ordin\u00e1ria", "autoria": "Poder Executivo", "texto_original": "http://sapl.natercia.mg.leg.br/media/sapl/public/materialegislativa/2018/487/1_plo_6-2018.pdf", "ementa": "\"AUTORIZA A PREFEITURA MUNICIPAL A CONCEDER CESTAS B\u00c1SICAS EM PEC\u00daNIA NA FORMA QUE ESPECIFICA E D\u00c1 OUTRAS PROVID\u00caNCIAS.\""}, {"id": "491", "ano": "2018", "numero": "7", "tipo__sigla": "PLO", "tipo__descricao": "Projeto de Lei Ordin\u00e1ria", "autoria": "Mesa Diretora", "texto_original": "http://sapl.natercia.mg.leg.br/media/sapl/public/materialegislativa/2018/491/1_plo_7-2018.pdf", "ementa": "\"ALTERA ART. 3\u00ba DA LEI MUNICIPAL 1222/2014 E D\u00c1 OUTRAS PROVID\u00caNCIAS\"."}, {"id": "493", "ano": "2018", "numero": "8", "tipo__sigla": "PLO", "tipo__descricao": "Projeto de Lei Ordin\u00e1ria", "autoria": "Poder Executivo", "texto_original": "http://sapl.natercia.mg.leg.br/media/sapl/public/materialegislativa/2018/493/1_plo_8-2018.pdf", "ementa": "\"DISP\u00d5E SOBRE A AUTORIZA\u00c7\u00c3O PARA ABERTURA DE CR\u00c9DITO ESPECIAL E D\u00c1 OUTRAS PROVID\u00caNCIAS.\""}, {"id": "494", "ano": "2018", "numero": "9", "tipo__sigla": "PLO", "tipo__descricao": "Projeto de Lei Ordin\u00e1ria", "autoria": "Poder Executivo", "texto_original": "http://sapl.natercia.mg.leg.br/media/sapl/public/materialegislativa/2018/494/1_plo_9-2018.pdf", "ementa": "\"CRIA O FUNDO MUNICIPAL DE EDUCA\u00c7\u00c3O - FME E D\u00c1 OUTRAS PROVID\u00caNCIAS.\""}, {"id": "518", "ano": "2018", "numero": "10", "tipo__sigla": "PLO", "tipo__descricao": "Projeto de Lei Ordin\u00e1ria", "autoria": "Poder Executivo", "texto_original": "http://sapl.natercia.mg.leg.br/media/sapl/public/materialegislativa/2018/518/1_plo_10-2018.pdf", "ementa": "\"DISP\u00d5E SOBRE A AUTORIZA\u00c7\u00c3O PARA ABERTURA DE CR\u00c9DITO ESPECIAL E D\u00c1 OUTRAS PROVID\u00caNCIAS.\""}, {"id": "519", "ano": "2018", "numero": "11", "tipo__sigla": "PLO", "tipo__descricao": "Projeto de Lei Ordin\u00e1ria", "autoria": "Poder Executivo", "texto_original": "http://sapl.natercia.mg.leg.br/media/sapl/public/materialegislativa/2018/519/1_plo_11-2018.pdf", "ementa": "\"DISP\u00d5E SOBRE AS DIRETRIZES PARA A ELABORA\u00c7\u00c3O DA LEI OR\u00c7AMENT\u00c1RIA DE 2019 E D\u00c1 OUTRAS PROVID\u00caNCIAS.\""}, {"id": "530", "ano": "2018", "numero": "12", "tipo__sigla": "PLO", "tipo__descricao": "Projeto de Lei Ordin\u00e1ria", "autoria": "Poder Executivo", "texto_original": "http://sapl.natercia.mg.leg.br/media/sapl/public/materialegislativa/2018/530/1_plo_12-2018.pdf", "ementa": "\"AUTORIZA O PODER EXECUTIVO MUNICIPAL A EFETUAR A ABERTURA DE CR\u00c9DITO ADICIONAL SUPLEMENTAR NO OR\u00c7AMENTO DO MUNIC\u00cdPIO DE NAT\u00c9RCIA - MG, PARA O EXERC\u00cdCIO DE 2018.\""}, {"id": "532", "ano": "2018", "numero": "13", "tipo__sigla": "PLO", "tipo__descricao": "Projeto de Lei Ordin\u00e1ria", "autoria": "Poder Executivo", "texto_original": "http://sapl.natercia.mg.leg.br/media/sapl/public/materialegislativa/2018/532/1_plo_13-2018.pdf", "ementa": "\"AUTORIZA O PODER EXECUTIVO A CONCEDER ISEN\u00c7\u00c3O DA TAXA DE OCUPA\u00c7\u00c3O DO SOLO EM VIAS E LOGRADOUROS P\u00daBLICOS E D\u00c1 OUTRAS PROVID\u00caNCIAS.\""}, {"id": "533", "ano": "2018", "numero": "14", "tipo__sigla": "PLO", "tipo__descricao": "Projeto de Lei Ordin\u00e1ria", "autoria": "Poder Executivo", "texto_original": "http://sapl.natercia.mg.leg.br/media/sapl/public/materialegislativa/2018/533/1_plo_14-2018.pdf", "ementa": "\"ATRIBUI DENOMINA\u00c7\u00c3O A VIAS P\u00daBLICAS NO LOTEAMENTO BELA VISTA E A PR\u00c9DIO P\u00daBLICO MUNICIPAL E D\u00c1 OUTRAS PROVID\u00caNCIAS.\""}, {"id": "535", "ano": "2018", "numero": "15", "tipo__sigla": "PLO", "tipo__descricao": "Projeto de Lei Ordin\u00e1ria", "autoria": "Poder Executivo", "texto_original": "http://sapl.natercia.mg.leg.br/media/sapl/public/materialegislativa/2018/535/1_plo_15-2018.pdf", "ementa": "\"DISP\u00d5E SOBRE CIRCO ITINERANTE INSTALADO NO MUNIC\u00cdPIO DE NAT\u00c9RCIA &#8211; MG E D\u00c1 OUTRAS PROVID\u00caNCIAS.\""}, {"id": "536", "ano": "2018", "numero": "16", "tipo__sigla": "PLO", "tipo__descricao": "Projeto de Lei Ordin\u00e1ria", "autoria": "Poder Executivo", "texto_original": "http://sapl.natercia.mg.leg.br/media/sapl/public/materialegislativa/2018/536/1_plo_16-2018.pdf", "ementa": "\"AUTORIZA O PODER EXECUTIVO A REALIZAR TERMO DE COLABORA\u00c7\u00c3O COM ORGANIZA\u00c7\u00d5ES DA SOCIEDADE CIVIL QUE ESPECIFICA, NOS TERMOS DO ART. 31 DA LEI FEDERAL N\u00ba 13019/14, E D\u00c1 OUTRAS PROVID\u00caNCIAS.\""}, {"id": "549", "ano": "2018", "numero": "17", "tipo__sigla": "PLO", "tipo__descricao": "Projeto de Lei Ordin\u00e1ria", "autoria": "Poder Executivo", "texto_original": "http://sapl.natercia.mg.leg.br/media/sapl/public/materialegislativa/2018/549/1_plo_17-2018.pdf", "ementa": "\"AUTORIZA O PODER EXECUTIVO A TRANSFORMAR \u00c1REA INSTITUCIONAL EM TERRENO DOMINIAL E A DOAR BENS IM\u00d3VEIS QUE ESPECIFICA E D\u00c1 OUTRAS PROVID\u00caNCIAS.\""}, {"id": "563", "ano": "2018", "numero": "18", "tipo__sigla": "PLO", "tipo__descricao": "Projeto de Lei Ordin\u00e1ria", "autoria": "Poder Executivo", "texto_original": "http://sapl.natercia.mg.leg.br/media/sapl/public/materialegislativa/2018/563/1_plo_18-2018.pdf", "ementa": "\"AUTORIZA O PODER EXECUTIVO A EFETUAR DESCONTOS EM FOLHA DE PAGAMENTO DE SERVIDOR QUE FOR AUTUADO EM INFRA\u00c7\u00c3O DE TR\u00c2NSITO E D\u00c1 OUTRAS PROVID\u00caNCIAS.\""}, {"id": "564", "ano": "2018", "numero": "19", "tipo__sigla": "PLO", "tipo__descricao": "Projeto de Lei Ordin\u00e1ria", "autoria": "Poder Executivo", "texto_original": "http://sapl.natercia.mg.leg.br/media/sapl/public/materialegislativa/2018/564/1_plo_19-2018.pdf", "ementa": "\"DISP\u00d5E SOBRE A AUTORIZA\u00c7\u00c3O PARA ABERTURA DE CR\u00c9DITO ESPECIAL E D\u00c1 OUTRAS PROVID\u00caNCIAS.\""}, {"id": "565", "ano": "2018", "numero": "20", "tipo__sigla": "PLO", "tipo__descricao": "Projeto de Lei Ordin\u00e1ria", "autoria": "Poder Executivo", "texto_original": "http://sapl.natercia.mg.leg.br/media/sapl/public/materialegislativa/2018/565/1_plo_20-2018.pdf", "ementa": "\"AUTORIZA O PODER EXECUTIVO MUNICIPAL A EFETUAR A ABERTURA DE CR\u00c9DITO ADICIONAL SUPLEMENTAR NO OR\u00c7AMENTO DO MUNIC\u00cdPIO DE NAT\u00c9RCIA &#8211; MG, PARA O EXERC\u00cdCIO DE 2018.\""}, {"id": "569", "ano": "2018", "numero": "21", "tipo__sigla": "PLO", "tipo__descricao": "Projeto de Lei Ordin\u00e1ria", "autoria": "Poder Executivo", "texto_original": "http://sapl.natercia.mg.leg.br/media/sapl/public/materialegislativa/2018/569/1_plo_21-2018.pdf", "ementa": "\"ACRESCENTA PAR\u00c1GRAFOS AO ARTIGO 23 DA LEI MUNICIPAL N\u00ba 1281, DE 02 DE DEZEMBRO DE 2015 E D\u00c1 OUTRAS PROVID\u00caNCIAS.\""}, {"id": "580", "ano": "2018", "numero": "22", "tipo__sigla": "PLO", "tipo__descricao": "Projeto de Lei Ordin\u00e1ria", "autoria": "Poder Executivo", "texto_original": "http://sapl.natercia.mg.leg.br/media/sapl/public/materialegislativa/2018/580/1_plo_22-2018.pdf", "ementa": "\"AUTORIZA O PODER EXECUTIVO MUNICIPAL A EFETUAR A ABERTURA DE CR\u00c9DITO ADICIONAL SUPLEMENTAR NO OR\u00c7AMENTO DO MUNIC\u00cdPIO DE NAT\u00c9RCIA &#8211; MG, PARA O EXERC\u00cdCIO DE 2018.\""}, {"id": "587", "ano": "2018", "numero": "23", "tipo__sigla": "PLO", "tipo__descricao": "Projeto de Lei Ordin\u00e1ria", "autoria": "Poder Executivo", "texto_original": "http://sapl.natercia.mg.leg.br/media/sapl/public/materialegislativa/2018/587/1_plo_23-2018.pdf", "ementa": "\"AUTORIZA O PODER EXECUTIVO A FIRMAR PARCERIAS COM ORGANIZA\u00c7\u00d5ES DA SOCIEDADE CIVIL QUE ESPECIFICA, NOS TERMOS DA LEI FEDERAL N\u00ba 13.019/14, E D\u00c1 OUTRAS PROVID\u00caNCIAS.\""}, {"id": "588", "ano": "2018", "numero": "24", "tipo__sigla": "PLO", "tipo__descricao": "Projeto de Lei Ordin\u00e1ria", "autoria": "Poder Executivo", "texto_original": "http://sapl.natercia.mg.leg.br/media/sapl/public/materialegislativa/2018/588/1_plo_24-2018.pdf", "ementa": "\"AUTORIZA A ADEQUA\u00c7\u00c3O DE VALORES E A\u00c7\u00d5ES DO PPA 2018/2021 PARA ELABORA\u00c7\u00c3O DA LEI OR\u00c7AMENT\u00c1RIA 2019.\""}, {"id": "589", "ano": "2018", "numero": "25", "tipo__sigla": "PLO", "tipo__descricao": "Projeto de Lei Ordin\u00e1ria", "autoria": "Poder Executivo", "texto_original": "http://sapl.natercia.mg.leg.br/media/sapl/public/materialegislativa/2018/589/1_plo_25-2018.pdf", "ementa": "\"ALTERA A LEI MUNICIPAL N\u00ba 1354, DE 20 DE JUNHO DE 2018 QUE DISP\u00d5E SOBRE AS DIRETRIZES PARA ELABORA\u00c7\u00c3O DA PROPOSTA OR\u00c7AMENT\u00c1RIA PARA O EXERC\u00cdCIO FINANCEIRO DE 2019 E D\u00c1 OUTRAS PROVID\u00caNCIAS.\""}, {"id": "590", "ano": "2018", "numero": "26", "tipo__sigla": "PLO", "tipo__descricao": "Projeto de Lei Ordin\u00e1ria", "autoria": "Poder Executivo", "texto_original": "http://sapl.natercia.mg.leg.br/media/sapl/public/materialegislativa/2018/590/1_plo_26-2018.pdf", "ementa": "\"ESTIMA A RECEITA E FIXA A DESPESA DO MUNIC\u00cdPIO DE NAT\u00c9RCIA - MG, PARA O EXERC\u00cdCIO FINANCEIRO DE 2019.\""}, {"id": "591", "ano": "2018", "numero": "27", "tipo__sigla": "PLO", "tipo__descricao": "Projeto de Lei Ordin\u00e1ria", "autoria": "Poder Executivo", "texto_original": "http://sapl.natercia.mg.leg.br/media/sapl/public/materialegislativa/2018/591/1_plo_27-2018.pdf", "ementa": "\"CRIA O FUNDO MUNICIPAL DE SANEAMENTO B\u00c1SICO - FMSB E D\u00c1 OUTRAS PROVID\u00caNCIAS.\""}, {"id": "597", "ano": "2018", "numero": "28", "tipo__sigla": "PLO", "tipo__descricao": "Projeto de Lei Ordin\u00e1ria", "autoria": "Poder Executivo", "texto_original": "http://sapl.natercia.mg.leg.br/media/sapl/public/materialegislativa/2018/597/1_plo_28-2018.pdf", "ementa": "\"AUTORIZA O PODER EXECUTIVO A EFETUAR A ABERTURA DE CR\u00c9DITO ADICIONAL SUPLEMENTAR NO OR\u00c7AMENTO DO MUNIC\u00cdPIO DE NAT\u00c9RCIA - MG, PARA O EXERC\u00cdCIO DE 2018.\""}, {"id": "598", "ano": "2018", "numero": "29", "tipo__sigla": "PLO", "tipo__descricao": "Projeto de Lei Ordin\u00e1ria", "autoria": "Poder Executivo", "texto_original": "http://sapl.natercia.mg.leg.br/media/sapl/public/materialegislativa/2018/598/1_plo_29-2018.pdf", "ementa": "\"AUTORIZA O PODER EXECUTIVO A DOAR LOTE DE TERRENO QUE ESPECIFICA E D\u00c1 OUTRAS PROVID\u00caNCIAS.\""}, {"id": "611", "ano": "2018", "numero": "30", "tipo__sigla": "PLO", "tipo__descricao": "Projeto de Lei Ordin\u00e1ria", "autoria": "", "texto_original": "http://sapl.natercia.mg.leg.br/media/sapl/public/materialegislativa/2018/611/1_plo_30-2018.pdf", "ementa": "\"DISP\u00d5E SOBRE A CONCESS\u00c3O DE REVIS\u00c3O GERAL ANUAL DE SUBS\u00cdDIOS AOS AGENTES POL\u00cdTICOS MUNICIPAIS DO LEGISLATIVO E ESTABELECE OUTRAS PROVID\u00caNCIAS.\""}, {"id": "612", "ano": "2018", "numero": "31", "tipo__sigla": "PLO", "tipo__descricao": "Projeto de Lei Ordin\u00e1ria", "autoria": "", "texto_original": "http://sapl.natercia.mg.leg.br/media/sapl/public/materialegislativa/2018/612/1_plo_31-2018.pdf", "ementa": "\"CONCEDE REVIS\u00c3O GERAL ANUAL DA REMUNERA\u00c7\u00c3O DOS SERVIDORES P\u00daBLICOS DO QUADRO DE PESSOAL DA C\u00c2MARA MUNICIPAL DE NAT\u00c9RCIA.\""}, {"id": "607", "ano": "2018", "numero": "32", "tipo__sigla": "PLO", "tipo__descricao": "Projeto de Lei Ordin\u00e1ria", "autoria": "Poder Executivo", "texto_original": "http://sapl.natercia.mg.leg.br/media/sapl/public/materialegislativa/2018/607/1_plo_32-2018.pdf", "ementa": "\"AUTORIZA O PODER EXECUTIVO MUNICIPAL A EFETUAR A ABERTURA DE CR\u00c9DITO ADICIONAL SUPLEMENTAR NO OR\u00c7AMENTO DO MUNIC\u00cdPIO DE NAT\u00c9RCIA - MG, PARA O EXERC\u00cdCIO DE 2018.\""}, {"id": "486", "ano": "2018", "numero": "1", "tipo__sigla": "PRE", "tipo__descricao": "Projeto de Resolu\u00e7\u00e3o", "autoria": "Mesa Diretora", "texto_original": "http://sapl.natercia.mg.leg.br/media/./sapl/public/materialegislativa/2018/486/486_texto_integral.pdf", "ementa": "\"AUTORIZA O LEGISLATIVO MUNICIPAL HOMENAGEAR COM AQUISI\u00c7\u00c3O E ENVIO DE COROA DE FLORES: AUTORIDADES, CIDAD\u00c3OS HONOR\u00c1RIOS OU PESSOA DE NOTABILIDADE NO MUNIC\u00cdPIO.\""}, {"id": "517", "ano": "2018", "numero": "2", "tipo__sigla": "PRE", "tipo__descricao": "Projeto de Resolu\u00e7\u00e3o", "autoria": "COMISS\u00c3O DE FINAN\u00c7AS, OR\u00c7AMENTO E TOMADA DE CONTAS", "texto_original": "http://sapl.natercia.mg.leg.br/media/./sapl/public/materialegislativa/2018/517/517_texto_integral.pdf", "ementa": "\"DISP\u00d5E SOBRE A APROVA\u00c7\u00c3O DAS CONTAS DO EXECUTIVO MUNICIPAL, REFERENTE AO EXERC\u00cdCIO FINANCEIRO REFERENTE AO ANO DE 2015, DO MUNIC\u00cdPIO DE NAT\u00c9RCIA - MG.\""}, {"id": "582", "ano": "2018", "numero": "3", "tipo__sigla": "PRE", "tipo__descricao": "Projeto de Resolu\u00e7\u00e3o", "autoria": "Poder Legislativo", "texto_original": "http://sapl.natercia.mg.leg.br/media/./sapl/public/materialegislativa/2018/582/582_texto_integral.pdf", "ementa": "\"DISP\u00d5E SOBRE FILIA\u00c7\u00c3O \u00c0 AVEMAG &#8211; ASSOCIA\u00c7\u00c3O DOS VEREADORES E C\u00c2MARAS MUNICIPAIS DO SUL DE MINAS GERAIS.\""}, {"id": "604", "ano": "2018", "numero": "4", "tipo__sigla": "PRE", "tipo__descricao": "Projeto de Resolu\u00e7\u00e3o", "autoria": "COMISS\u00c3O DE FINAN\u00c7AS, OR\u00c7AMENTO E TOMADA DE CONTAS", "texto_original": "http://sapl.natercia.mg.leg.br/media/sapl/public/materialegislativa/2018/604/projeto_de_resolucao_04-2018.pdf", "ementa": "\"DISP\u00d5E SOBRE A APROVA\u00c7\u00c3O DAS CONTAS DO EXECUTIVO MUNICIPAL, REFERENTE AO EXERC\u00cdCIO FINANCEIRO REFERENTE AO ANO DE 2016, DO MUNIC\u00cdPIO DE NAT\u00c9RCIA - MG.\""}, {"id": "727", "ano": "2018", "numero": "5", "tipo__sigla": "PRE", "tipo__descricao": "Projeto de Resolu\u00e7\u00e3o", "autoria": "Presidente e Presidentes das Comiss\u00f5es", "texto_original": "http://sapl.natercia.mg.leg.br/media/sapl/public/materialegislativa/2018/727/projeto_de_resolucao_05-2018.pdf", "ementa": "\"ALTERA DISPOSITIVOS DA RESOLU\u00c7\u00c3O 258/2006 QUE DISP\u00d5E SOBRE O REGIMENTO INTERNO DA C\u00c2MARA MUNICIPAL DE NAT\u00c9RCIA E ESTABELECE OUTRAS PROVID\u00caNCIAS.\""}, {"id": "480", "ano": "2018", "numero": "1", "tipo__sigla": "REQ", "tipo__descricao": "Requerimento", "autoria": "Alessandra Caetano de Siqueira", "texto_original": "http://sapl.natercia.mg.leg.br/media/./sapl/public/materialegislativa/2018/480/480_texto_integral.pdf", "ementa": "\"REQUER QUE SEJA SOLICITADO AO EXMO. SENHOR PREFEITO MUNICIPAL A SUBSTITUI\u00c7\u00c3O DO M\u00c9DICO DO PROGRAMA MAIS M\u00c9DICO, ATUANTE NO MUNIC\u00cdPIO DESDE 18 DE OUTUBRO DE 2017.\""}, {"id": "527", "ano": "2018", "numero": "2", "tipo__sigla": "REQ", "tipo__descricao": "Requerimento", "autoria": "Alessandra Caetano de Siqueira, Antonio Carlos de Souza, Jos\u00e9 Messias Jonas, Odair Claudinei da Silva, Saulo R\u00e9gis de Vilas B\u00f4as, Silviano Reis do Vale, Vera L\u00facia Junho dos Reis", "texto_original": "http://sapl.natercia.mg.leg.br/media/./sapl/public/materialegislativa/2018/527/527_texto_integral.pdf", "ementa": "\"REQUER QUE SEJA SOLICITADO AO EXMO. SENHOR PREFEITO MUNICIPAL OS ESCLARECIMENTOS RELATADOS PELA FUNCION\u00c1RIA P\u00daBLICA CELINA DE F\u00c1TIMA DE VILAS B\u00d4AS, PORTADORA DO CPF N\u00ba 720.980.316-53 E RG N\u00ba M - 7.306.796, DURANTE O USO DA TRIBUNA NESTA VIG\u00c9SIMA OITAVA REUNI\u00c3O ORDIN\u00c1RIA, EM ANEXO.\""}, {"id": "531", "ano": "2018", "numero": "3", "tipo__sigla": "REQ", "tipo__descricao": "Requerimento", "autoria": "Alessandra Caetano de Siqueira, Antonio Carlos de Souza, Jos\u00e9 Messias Jonas, Odair Claudinei da Silva, Saulo R\u00e9gis de Vilas B\u00f4as, Silviano Reis do Vale, Vera L\u00facia Junho dos Reis", "texto_original": "http://sapl.natercia.mg.leg.br/media/./sapl/public/materialegislativa/2018/531/531_texto_integral.pdf", "ementa": "\"REQUER QUE SEJA SOLICITADO AO EXMO. SENHOR PREFEITO MUNICIPAL OS ESCLARECIMENTOS RELATADOS PELA FUNCION\u00c1RIA P\u00daBLICA IVONE DE ARA\u00daJO, DURANTE O USO DA TRIBUNA NESTA VIG\u00c9SIMA OITAVA REUNI\u00c3O ORDIN\u00c1RIA, EM ANEXO.\""}, {"id": "555", "ano": "2018", "numero": "4", "tipo__sigla": "REQ", "tipo__descricao": "Requerimento", "autoria": "Antonio Carlos de Souza, Jos\u00e9 Messias Jonas, Leonardo Barreto da Silva, Odair Claudinei da Silva, Saulo R\u00e9gis de Vilas B\u00f4as, Silviano Reis do Vale, Vera L\u00facia Junho dos Reis", "texto_original": "http://sapl.natercia.mg.leg.br/media/./sapl/public/materialegislativa/2018/555/555_texto_integral.pdf", "ementa": "\"REQUER QUE SEJA SOLICITADO AO EXMO. SENHOR PREFEITO MUNICIPAL QUE SEJA REALIZADO O MAIS R\u00c1PIDO POSS\u00cdVEL UM LEVANTAMENTO CONTENDO EM MAPA N\u00daMERO QUE IDENTIFIQUE OS T\u00daMULOS DO CEMIT\u00c9RIO MUNICIPAL.\""}, {"id": "578", "ano": "2018", "numero": "5", "tipo__sigla": "REQ", "tipo__descricao": "Requerimento", "autoria": "Alessandra Caetano de Siqueira, Antonio Carlos de Souza, Jos\u00e9 Messias Jonas, Leonardo Barreto da Silva, Odair Claudinei da Silva, Saulo R\u00e9gis de Vilas B\u00f4as, Silviano Reis do Vale, Vera L\u00facia Junho dos Reis", "texto_original": "http://sapl.natercia.mg.leg.br/media/./sapl/public/materialegislativa/2018/578/578_texto_integral.pdf", "ementa": "\"REQUER QUE SEJA SOLICITADO AO EXMO. SENHOR PREFEITO MUNICIPAL QUE SEJA REALIZADO NO PROJETO DE OR\u00c7AMENTO ANUAL UM POSS\u00cdVEL REAJUSTE NO TERMO DE COLABORA\u00c7\u00c3O COM ORGANIZA\u00c7\u00d5ES DA SOCIEDADE CIVIL (ASILO E APAE), NOS TERMOS DO ART. 31 DA LEI FEDERAL N\u00ba 13.019/14 E NA LEI 1346/2018 QUE \"AUTORIZA A PREFEITURA MUNICIPAL A CONCEDER CESTAS B\u00c1SICAS EM PEC\u00daNIA NA FORMA QUE ESPECIFICA E D\u00c1 OUTRAS PROVID\u00caNCIAS\"."}, {"id": "594", "ano": "2018", "numero": "6", "tipo__sigla": "REQ", "tipo__descricao": "Requerimento", "autoria": "Odair Claudinei da Silva", "texto_original": "http://sapl.natercia.mg.leg.br/media/sapl/public/materialegislativa/2018/594/requerimento_06-2018.pdf", "ementa": "\"REQUER QUE SEJA SOLICITADO AO EXMO. SENHOR PREFEITO MUNICIPAL INFORMA\u00c7\u00d5ES REFERENTES AO CAL\u00c7AMENTO DA RUA JOS\u00c9 ADEMIR DA SILVA.\""}, {"id": "595", "ano": "2018", "numero": "7", "tipo__sigla": "REQ", "tipo__descricao": "Requerimento", "autoria": "Saulo R\u00e9gis de Vilas B\u00f4as, Alessandra Caetano de Siqueira, Antonio Carlos de Souza, Jos\u00e9 Messias Jonas, Leonardo Barreto da Silva, Odair Claudinei da Silva, Silviano Reis do Vale, Vera L\u00facia Junho dos Reis", "texto_original": "http://sapl.natercia.mg.leg.br/media/sapl/public/materialegislativa/2018/595/requerimento_07-2018.pdf", "ementa": "\"REQUER ESCLARECIMENTOS SOBRE O CONTRATO DE PRESTA\u00c7\u00c3O DE SERVI\u00c7OS REFERENTE AO CAL\u00c7AMENTO DA RUA CORONEL JOAQUIM TORQUATO, VISTO QUE O CAL\u00c7AMENTO J\u00c1 EST\u00c1 TODO DANIFICADO.\""}, {"id": "603", "ano": "2018", "numero": "8", "tipo__sigla": "REQ", "tipo__descricao": "Requerimento", "autoria": "Jos\u00e9 Messias Jonas", "texto_original": "http://sapl.natercia.mg.leg.br/media/sapl/public/materialegislativa/2018/603/requerimento_08-2018.pdf", "ementa": "\"REQUER QUE SEJA SOLICITADO JUNTO AO EXECUTIVO MUNICIPAL A PLANILHA DE ABASTECIMENTO DA FROTA MUNICIPAL COM OS DADOS DE KM, PLACA DO VE\u00cdCULO, DE MAIO AT\u00c9 O PRESENTE MOMENTO.\""}, {"id": "606", "ano": "2018", "numero": "9", "tipo__sigla": "REQ", "tipo__descricao": "Requerimento", "autoria": "Saulo R\u00e9gis de Vilas B\u00f4as", "texto_original": "http://sapl.natercia.mg.leg.br/media/sapl/public/materialegislativa/2018/606/requerimento_09-2018.pdf", "ementa": "\"REQUER QUE O EXECUTIVO MUNICIPAL CUMPRA O ARTIGO 106 DA LEI ORG\u00c2NICA MUNICIPAL.\""}, {"id": "613", "ano": "2018", "numero": "10", "tipo__sigla": "REQ", "tipo__descricao": "Requerimento", "autoria": "Leonardo Barreto da Silva", "texto_original": "http://sapl.natercia.mg.leg.br/media/sapl/public/materialegislativa/2018/613/recebido_109-2018.pdf", "ementa": "Requerimento de registro de chapa para a mesa de 2019."}]}