{"headers": {"id": "ID", "ano": "Ano", "numero": "N\u00famero", "tipo__sigla": "Tipo de Mat\u00e9ria Legislativa/Sigla", "tipo__descricao": "Tipo de Mat\u00e9ria Legislativa/Descri\u00e7\u00e3o", "autoria": "Autorias", "texto_original": "Texto Original", "ementa": "Ementa"}, "results": [{"id": "625", "ano": "2019", "numero": "18", "tipo__sigla": "ATA E", "tipo__descricao": "Ata - Reuni\u00e3o Extraordin\u00e1ria", "autoria": "", "texto_original": "http://sapl.natercia.mg.leg.br/media/sapl/public/materialegislativa/2019/625/18a_reuniao_extraordinaria.pdf", "ementa": "Ata da D\u00e9cima Oitava Reuni\u00e3o Extraordin\u00e1ria da C\u00e2mara Municipal de Nat\u00e9rcia da 22\u00aa Legislatura."}, {"id": "626", "ano": "2019", "numero": "19", "tipo__sigla": "ATA E", "tipo__descricao": "Ata - Reuni\u00e3o Extraordin\u00e1ria", "autoria": "", "texto_original": "http://sapl.natercia.mg.leg.br/media/sapl/public/materialegislativa/2019/626/19a_reuniao_extraordinaria.pdf", "ementa": "Ata da D\u00e9cima Nona Reuni\u00e3o Extraordin\u00e1ria da C\u00e2mara Municipal de Nat\u00e9rcia da 22\u00aa Legislatura."}, {"id": "632", "ano": "2019", "numero": "20", "tipo__sigla": "ATA E", "tipo__descricao": "Ata - Reuni\u00e3o Extraordin\u00e1ria", "autoria": "", "texto_original": "http://sapl.natercia.mg.leg.br/media/sapl/public/materialegislativa/2019/632/20a_reuniao_extraordinaria.pdf", "ementa": "Ata da Vig\u00e9sima Reuni\u00e3o Extraordin\u00e1ria da C\u00e2mara Municipal de Nat\u00e9rcia da 22\u00aa Legislatura."}, {"id": "674", "ano": "2019", "numero": "21", "tipo__sigla": "ATA E", "tipo__descricao": "Ata - Reuni\u00e3o Extraordin\u00e1ria", "autoria": "", "texto_original": "http://sapl.natercia.mg.leg.br/media/sapl/public/materialegislativa/2019/674/21a_reuniao_extraordinaria.pdf", "ementa": "Ata da Vig\u00e9sima Primeira Reuni\u00e3o Extraordin\u00e1ria da C\u00e2mara Municipal de Nat\u00e9rcia da 22\u00aa Legislatura."}, {"id": "675", "ano": "2019", "numero": "22", "tipo__sigla": "ATA E", "tipo__descricao": "Ata - Reuni\u00e3o Extraordin\u00e1ria", "autoria": "", "texto_original": "http://sapl.natercia.mg.leg.br/media/sapl/public/materialegislativa/2019/675/22a_reuniao_extraordinaria.pdf", "ementa": "Ata da Vig\u00e9sima Segunda Reuni\u00e3o Extraordin\u00e1ria da C\u00e2mara Municipal de Nat\u00e9rcia da 22\u00aa Legislatura."}, {"id": "713", "ano": "2019", "numero": "23", "tipo__sigla": "ATA E", "tipo__descricao": "Ata - Reuni\u00e3o Extraordin\u00e1ria", "autoria": "", "texto_original": "http://sapl.natercia.mg.leg.br/media/sapl/public/materialegislativa/2019/713/23a_reuniao_extraordinaria.pdf", "ementa": "Ata da Vig\u00e9sima Terceira Reuni\u00e3o Extraordin\u00e1ria da C\u00e2mara Municipal de Nat\u00e9rcia da 22\u00aa Legislatura."}, {"id": "715", "ano": "2019", "numero": "24", "tipo__sigla": "ATA E", "tipo__descricao": "Ata - Reuni\u00e3o Extraordin\u00e1ria", "autoria": "", "texto_original": "http://sapl.natercia.mg.leg.br/media/sapl/public/materialegislativa/2019/715/24a_reuniao_extraordinaria.pdf", "ementa": "Ata da Vig\u00e9sima Quarta Reuni\u00e3o Extraordin\u00e1ria da C\u00e2mara Municipal de Nat\u00e9rcia da 22\u00aa Legislatura."}, {"id": "756", "ano": "2019", "numero": "25", "tipo__sigla": "ATA E", "tipo__descricao": "Ata - Reuni\u00e3o Extraordin\u00e1ria", "autoria": "", "texto_original": "http://sapl.natercia.mg.leg.br/media/sapl/public/materialegislativa/2019/756/25a_reuniao_extraordinaria_tOnjgkf.pdf", "ementa": "Ata da Vig\u00e9sima Quinta Reuni\u00e3o Extraordin\u00e1ria da C\u00e2mara Municipal de Nat\u00e9rcia da 22\u00aa Legislatura."}, {"id": "758", "ano": "2019", "numero": "26", "tipo__sigla": "ATA E", "tipo__descricao": "Ata - Reuni\u00e3o Extraordin\u00e1ria", "autoria": "", "texto_original": "http://sapl.natercia.mg.leg.br/media/sapl/public/materialegislativa/2019/758/26a_reuniao_extraordinaria_mk3DkiR.pdf", "ementa": "Ata da Vig\u00e9sima Sexta Reuni\u00e3o Extraordin\u00e1ria da C\u00e2mara Municipal de Nat\u00e9rcia da 22\u00aa Legislatura."}, {"id": "645", "ano": "2019", "numero": "44", "tipo__sigla": "ATA O", "tipo__descricao": "Ata - Reuni\u00e3o Ordin\u00e1ria", "autoria": "", "texto_original": "http://sapl.natercia.mg.leg.br/media/sapl/public/materialegislativa/2019/645/44a_reuniao_ordinaria_5Kb469x.pdf", "ementa": "Ata da Quadrag\u00e9sima Quarta Reuni\u00e3o Ordin\u00e1ria da C\u00e2mara Municipal de Nat\u00e9rcia da 22\u00aa Legislatura."}, {"id": "649", "ano": "2019", "numero": "45", "tipo__sigla": "ATA O", "tipo__descricao": "Ata - Reuni\u00e3o Ordin\u00e1ria", "autoria": "", "texto_original": "http://sapl.natercia.mg.leg.br/media/sapl/public/materialegislativa/2019/649/45a_reuniao_ordinaria.pdf", "ementa": "Ata da Quadrag\u00e9sima Quinta Reuni\u00e3o Ordin\u00e1ria da C\u00e2mara Municipal de Nat\u00e9rcia da 22\u00aa Legislatura."}, {"id": "655", "ano": "2019", "numero": "46", "tipo__sigla": "ATA O", "tipo__descricao": "Ata - Reuni\u00e3o Ordin\u00e1ria", "autoria": "", "texto_original": "http://sapl.natercia.mg.leg.br/media/sapl/public/materialegislativa/2019/655/46a_reuniao_ordinaria_dPjsbzU.pdf", "ementa": "Ata da Quadrag\u00e9sima Sexta Reuni\u00e3o Ordin\u00e1ria da C\u00e2mara Municipal de Nat\u00e9rcia da 22\u00aa Legislatura."}, {"id": "658", "ano": "2019", "numero": "47", "tipo__sigla": "ATA O", "tipo__descricao": "Ata - Reuni\u00e3o Ordin\u00e1ria", "autoria": "", "texto_original": "http://sapl.natercia.mg.leg.br/media/sapl/public/materialegislativa/2019/658/47a_reuniao_ordinaria.pdf", "ementa": "Ata da Quadrag\u00e9sima S\u00e9tima Reuni\u00e3o Ordin\u00e1ria da C\u00e2mara Municipal de Nat\u00e9rcia da 22\u00aa Legislatura."}, {"id": "676", "ano": "2019", "numero": "48", "tipo__sigla": "ATA O", "tipo__descricao": "Ata - Reuni\u00e3o Ordin\u00e1ria", "autoria": "", "texto_original": "http://sapl.natercia.mg.leg.br/media/sapl/public/materialegislativa/2019/676/48a_reuniao_ordinaria.pdf", "ementa": "Ata da Quadrag\u00e9sima Oitava Reuni\u00e3o Ordin\u00e1ria da C\u00e2mara Municipal de Nat\u00e9rcia da 22\u00aa Legislatura."}, {"id": "677", "ano": "2019", "numero": "49", "tipo__sigla": "ATA O", "tipo__descricao": "Ata - Reuni\u00e3o Ordin\u00e1ria", "autoria": "", "texto_original": "http://sapl.natercia.mg.leg.br/media/sapl/public/materialegislativa/2019/677/49a_reuniao_ordinaria.pdf", "ementa": "Ata da Quadrag\u00e9sima Nona Reuni\u00e3o Ordin\u00e1ria da C\u00e2mara Municipal de Nat\u00e9rcia da 22\u00aa Legislatura."}, {"id": "684", "ano": "2019", "numero": "50", "tipo__sigla": "ATA O", "tipo__descricao": "Ata - Reuni\u00e3o Ordin\u00e1ria", "autoria": "", "texto_original": "http://sapl.natercia.mg.leg.br/media/sapl/public/materialegislativa/2019/684/50a_reuniao_ordinaria.pdf", "ementa": "Ata da Quinquag\u00e9sima Reuni\u00e3o Ordin\u00e1ria da C\u00e2mara Municipal de Nat\u00e9rcia da 22\u00aa Legislatura."}, {"id": "687", "ano": "2019", "numero": "51", "tipo__sigla": "ATA O", "tipo__descricao": "Ata - Reuni\u00e3o Ordin\u00e1ria", "autoria": "", "texto_original": "http://sapl.natercia.mg.leg.br/media/sapl/public/materialegislativa/2019/687/51a_reuniao_ordinaria.pdf", "ementa": "Ata da Quinquag\u00e9sima Primeira Reuni\u00e3o Ordin\u00e1ria da C\u00e2mara Municipal de Nat\u00e9rcia da 22\u00aa Legislatura."}, {"id": "689", "ano": "2019", "numero": "52", "tipo__sigla": "ATA O", "tipo__descricao": "Ata - Reuni\u00e3o Ordin\u00e1ria", "autoria": "", "texto_original": "http://sapl.natercia.mg.leg.br/media/sapl/public/materialegislativa/2019/689/52a_reuniao_ordinaria.pdf", "ementa": "Ata da Quinquag\u00e9sima Segunda Reuni\u00e3o Ordin\u00e1ria da C\u00e2mara Municipal de Nat\u00e9rcia da 22\u00aa Legislatura."}, {"id": "690", "ano": "2019", "numero": "53", "tipo__sigla": "ATA O", "tipo__descricao": "Ata - Reuni\u00e3o Ordin\u00e1ria", "autoria": "", "texto_original": "http://sapl.natercia.mg.leg.br/media/sapl/public/materialegislativa/2019/690/53a_reuniao_ordinaria.pdf", "ementa": "Ata da Quinquag\u00e9sima Terceira Reuni\u00e3o Ordin\u00e1ria da C\u00e2mara Municipal de Nat\u00e9rcia da 22\u00aa Legislatura."}, {"id": "693", "ano": "2019", "numero": "54", "tipo__sigla": "ATA O", "tipo__descricao": "Ata - Reuni\u00e3o Ordin\u00e1ria", "autoria": "", "texto_original": "http://sapl.natercia.mg.leg.br/media/sapl/public/materialegislativa/2019/693/54a_reuniao_ordinaria_PH0NEvk.pdf", "ementa": "Ata da Quinquag\u00e9sima Quarta Reuni\u00e3o Ordin\u00e1ria da C\u00e2mara Municipal de Nat\u00e9rcia da 22\u00aa Legislatura."}, {"id": "695", "ano": "2019", "numero": "55", "tipo__sigla": "ATA O", "tipo__descricao": "Ata - Reuni\u00e3o Ordin\u00e1ria", "autoria": "", "texto_original": "http://sapl.natercia.mg.leg.br/media/sapl/public/materialegislativa/2019/695/55a_reuniao_ordinaria.pdf", "ementa": "Ata da Quinquag\u00e9sima Quinta Reuni\u00e3o Ordin\u00e1ria da C\u00e2mara Municipal de Nat\u00e9rcia da 22\u00aa Legislatura."}, {"id": "697", "ano": "2019", "numero": "56", "tipo__sigla": "ATA O", "tipo__descricao": "Ata - Reuni\u00e3o Ordin\u00e1ria", "autoria": "", "texto_original": "http://sapl.natercia.mg.leg.br/media/sapl/public/materialegislativa/2019/697/56a_reuniao_ordinaria.pdf", "ementa": "Ata da Quinquag\u00e9sima Sexta Reuni\u00e3o Ordin\u00e1ria da C\u00e2mara Municipal de Nat\u00e9rcia da 22\u00aa Legislatura."}, {"id": "708", "ano": "2019", "numero": "57", "tipo__sigla": "ATA O", "tipo__descricao": "Ata - Reuni\u00e3o Ordin\u00e1ria", "autoria": "", "texto_original": "http://sapl.natercia.mg.leg.br/media/sapl/public/materialegislativa/2019/708/57a_reuniao_ordinaria.pdf", "ementa": "Ata da Quinquag\u00e9sima S\u00e9tima Reuni\u00e3o Ordin\u00e1ria da C\u00e2mara Municipal de Nat\u00e9rcia da 22\u00aa Legislatura."}, {"id": "709", "ano": "2019", "numero": "58", "tipo__sigla": "ATA O", "tipo__descricao": "Ata - Reuni\u00e3o Ordin\u00e1ria", "autoria": "", "texto_original": "http://sapl.natercia.mg.leg.br/media/sapl/public/materialegislativa/2019/709/58a_reuniao_ordinaria.pdf", "ementa": "Ata da Quinquag\u00e9sima Oitava Reuni\u00e3o Ordin\u00e1ria da C\u00e2mara Municipal de Nat\u00e9rcia da 22\u00aa Legislatura."}, {"id": "712", "ano": "2019", "numero": "59", "tipo__sigla": "ATA O", "tipo__descricao": "Ata - Reuni\u00e3o Ordin\u00e1ria", "autoria": "", "texto_original": "http://sapl.natercia.mg.leg.br/media/sapl/public/materialegislativa/2019/712/59a_reuniao_ordinaria.pdf", "ementa": "Ata da Quinquag\u00e9sima Nona Reuni\u00e3o Ordin\u00e1ria da C\u00e2mara Municipal de Nat\u00e9rcia da 22\u00aa Legislatura."}, {"id": "725", "ano": "2019", "numero": "60", "tipo__sigla": "ATA O", "tipo__descricao": "Ata - Reuni\u00e3o Ordin\u00e1ria", "autoria": "", "texto_original": "http://sapl.natercia.mg.leg.br/media/sapl/public/materialegislativa/2019/725/60a_reuniao_ordinaria.pdf", "ementa": "Ata da Sexag\u00e9sima Reuni\u00e3o Ordin\u00e1ria da C\u00e2mara Municipal de Nat\u00e9rcia da 22\u00aa Legislatura."}, {"id": "726", "ano": "2019", "numero": "61", "tipo__sigla": "ATA O", "tipo__descricao": "Ata - Reuni\u00e3o Ordin\u00e1ria", "autoria": "", "texto_original": "http://sapl.natercia.mg.leg.br/media/sapl/public/materialegislativa/2019/726/61a_reuniao_ordinaria.pdf", "ementa": "Ata da Sexag\u00e9sima Primeira Reuni\u00e3o Ordin\u00e1ria da C\u00e2mara Municipal de Nat\u00e9rcia da 22\u00aa Legislatura."}, {"id": "755", "ano": "2019", "numero": "62", "tipo__sigla": "ATA O", "tipo__descricao": "Ata - Reuni\u00e3o Ordin\u00e1ria", "autoria": "", "texto_original": "http://sapl.natercia.mg.leg.br/media/sapl/public/materialegislativa/2019/755/62a_reuniao_ordinaria.pdf", "ementa": "Ata da Sexag\u00e9sima Segunda Reuni\u00e3o Ordin\u00e1ria da C\u00e2mara Municipal de Nat\u00e9rcia da 22\u00aa Legislatura."}, {"id": "757", "ano": "2019", "numero": "63", "tipo__sigla": "ATA O", "tipo__descricao": "Ata - Reuni\u00e3o Ordin\u00e1ria", "autoria": "", "texto_original": "http://sapl.natercia.mg.leg.br/media/sapl/public/materialegislativa/2019/757/63a_reuniao_ordinaria.pdf", "ementa": "Ata da Sexag\u00e9sima Terceira Reuni\u00e3o Ordin\u00e1ria da C\u00e2mara Municipal de Nat\u00e9rcia da 22\u00aa Legislatura."}, {"id": "760", "ano": "2019", "numero": "64", "tipo__sigla": "ATA O", "tipo__descricao": "Ata - Reuni\u00e3o Ordin\u00e1ria", "autoria": "", "texto_original": "http://sapl.natercia.mg.leg.br/media/sapl/public/materialegislativa/2019/760/64a_reuniao_ordinaria.pdf", "ementa": "Ata da Sexag\u00e9sima Quarta Reuni\u00e3o Ordin\u00e1ria da C\u00e2mara Municipal de Nat\u00e9rcia da 22\u00aa Legislatura."}, {"id": "771", "ano": "2019", "numero": "65", "tipo__sigla": "ATA O", "tipo__descricao": "Ata - Reuni\u00e3o Ordin\u00e1ria", "autoria": "", "texto_original": "http://sapl.natercia.mg.leg.br/media/sapl/public/materialegislativa/2019/771/65a_reuniao_ordinaria.pdf", "ementa": "Ata da Sexag\u00e9sima Quinta Reuni\u00e3o Ordin\u00e1ria da C\u00e2mara Municipal de Nat\u00e9rcia da 22\u00aa Legislatura."}, {"id": "629", "ano": "2019", "numero": "1", "tipo__sigla": "IND", "tipo__descricao": "Indica\u00e7\u00e3o", "autoria": "Alessandra Caetano de Siqueira, Antonio Carlos de Souza, Ant\u00f4nio Noel de Souza, Jos\u00e9 Messias Jonas, Leonardo Barreto da Silva , Odair Claudinei da Silva, Saulo R\u00e9gis de Vilas B\u00f4as, Silviano Reis do Vale, Vera L\u00facia Junho dos Reis", "texto_original": "http://sapl.natercia.mg.leg.br/media/sapl/public/materialegislativa/2019/629/indicacao_01-2019_LPAHDSz.pdf", "ementa": "Indicam ao Sr. Prefeito Municipal que seja vista a possibilidade do munic\u00edpio sediar o \"18\u00b0 CAMPEONATO GLADIADORES MARCIAIS\"."}, {"id": "630", "ano": "2019", "numero": "2", "tipo__sigla": "IND", "tipo__descricao": "Indica\u00e7\u00e3o", "autoria": "Jos\u00e9 Messias Jonas", "texto_original": "http://sapl.natercia.mg.leg.br/media/sapl/public/materialegislativa/2019/630/indicacao_02-2019_FOB8kFi.pdf", "ementa": "Indica ao Sr. Prefeito Municipal que se comece um trabalho de consci\u00eancia e divulga\u00e7\u00e3o a cerca da coleta seletiva para que se fa\u00e7a cumprir o art. 36 da Lei Complementar 38/2018 que \"Consolida as leis de posturas em \u00e2mbito municipal e d\u00e1 outras provid\u00eancias\"."}, {"id": "631", "ano": "2019", "numero": "3", "tipo__sigla": "IND", "tipo__descricao": "Indica\u00e7\u00e3o", "autoria": "Alessandra Caetano de Siqueira, Antonio Carlos de Souza, Ant\u00f4nio Noel de Souza, Jos\u00e9 Messias Jonas, Leonardo Barreto da Silva , Odair Claudinei da Silva, Saulo R\u00e9gis de Vilas B\u00f4as, Silviano Reis do Vale, Vera L\u00facia Junho dos Reis", "texto_original": "http://sapl.natercia.mg.leg.br/media/sapl/public/materialegislativa/2019/631/indicacao_03-2019_cisglmJ.pdf", "ementa": "Indicam ao Sr. Prefeito Municipal que se fa\u00e7a cumprir o Cap\u00edtulo II - Da Limpeza P\u00fablica da Lei Complementar 38/2018 que \"Consolida as leis de posturas em \u00e2mbito municipal e d\u00e1 outras provid\u00eancias\"."}, {"id": "633", "ano": "2019", "numero": "4", "tipo__sigla": "IND", "tipo__descricao": "Indica\u00e7\u00e3o", "autoria": "Antonio Carlos de Souza, Ant\u00f4nio Noel de Souza, Jos\u00e9 Messias Jonas, Leonardo Barreto da Silva , Odair Claudinei da Silva, Saulo R\u00e9gis de Vilas B\u00f4as, Silviano Reis do Vale, Vera L\u00facia Junho dos Reis", "texto_original": "http://sapl.natercia.mg.leg.br/media/sapl/public/materialegislativa/2019/633/indicacao_04-2019.pdf", "ementa": "Indicam ao Sr. Prefeito Municipal que seja vista novamente a possibilidade da revis\u00e3o do Plano de Cargos e Sal\u00e1rios dos servidores p\u00fablicos municipais."}, {"id": "634", "ano": "2019", "numero": "5", "tipo__sigla": "IND", "tipo__descricao": "Indica\u00e7\u00e3o", "autoria": "Ant\u00f4nio Noel de Souza, Saulo R\u00e9gis de Vilas B\u00f4as", "texto_original": "http://sapl.natercia.mg.leg.br/media/sapl/public/materialegislativa/2019/634/indicacao_05-2019.pdf", "ementa": "Indicam ao Sr. Prefeito Municipal que seja vista a possibilidade de colocar postes de eucalipto com redes fixadas nestes ao redor do campinho, pr\u00f3ximo a pista de caminhada, ou pelo menos atr\u00e1s do gol."}, {"id": "635", "ano": "2019", "numero": "6", "tipo__sigla": "IND", "tipo__descricao": "Indica\u00e7\u00e3o", "autoria": "Saulo R\u00e9gis de Vilas B\u00f4as", "texto_original": "http://sapl.natercia.mg.leg.br/media/sapl/public/materialegislativa/2019/635/indicacao_06-2019.pdf", "ementa": "Indica ao Sr. Prefeito Municipal que seja vista a possibilidade de construir uma rampa de acesso no Centro de Fisioterapia Municipal."}, {"id": "636", "ano": "2019", "numero": "7", "tipo__sigla": "IND", "tipo__descricao": "Indica\u00e7\u00e3o", "autoria": "Saulo R\u00e9gis de Vilas B\u00f4as", "texto_original": "http://sapl.natercia.mg.leg.br/media/sapl/public/materialegislativa/2019/636/indicacao_07-2019.pdf", "ementa": "Indica ao Sr. Prefeito Municipal que seja vista a possibilidade de consertar a cal\u00e7ada em frente a APAE."}, {"id": "637", "ano": "2019", "numero": "8", "tipo__sigla": "IND", "tipo__descricao": "Indica\u00e7\u00e3o", "autoria": "Saulo R\u00e9gis de Vilas B\u00f4as", "texto_original": "http://sapl.natercia.mg.leg.br/media/sapl/public/materialegislativa/2019/637/indicacao_08-2019.pdf", "ementa": "Indica ao Sr. Prefeito Municipal que seja vista a possibilidade de cascalhar a estrada do bairro S\u00e3o Bernardo e alguns pontos do morro que d\u00e1 acesso a casa do senhor Jos\u00e9 Abra\u00e3o."}, {"id": "638", "ano": "2019", "numero": "9", "tipo__sigla": "IND", "tipo__descricao": "Indica\u00e7\u00e3o", "autoria": "Saulo R\u00e9gis de Vilas B\u00f4as", "texto_original": "http://sapl.natercia.mg.leg.br/media/sapl/public/materialegislativa/2019/638/indicacao_09-2019.pdf", "ementa": "Indica ao Sr. Prefeito Municipal que seja vista a possibilidade de providenciar um uniforme para a turma do barrac\u00e3o."}, {"id": "639", "ano": "2019", "numero": "10", "tipo__sigla": "IND", "tipo__descricao": "Indica\u00e7\u00e3o", "autoria": "Saulo R\u00e9gis de Vilas B\u00f4as", "texto_original": "http://sapl.natercia.mg.leg.br/media/sapl/public/materialegislativa/2019/639/indicacao_10-2019.pdf", "ementa": "Indica ao Sr. Prefeito Municipal que seja vista a possibilidade de pintar o \u00f4nibus VW Ciferal KMF 6522 e colocar letreiro Secretaria de Esportes para que este fique \u00e0 disposi\u00e7\u00e3o desta."}, {"id": "640", "ano": "2019", "numero": "11", "tipo__sigla": "IND", "tipo__descricao": "Indica\u00e7\u00e3o", "autoria": "Saulo R\u00e9gis de Vilas B\u00f4as", "texto_original": "http://sapl.natercia.mg.leg.br/media/sapl/public/materialegislativa/2019/640/indicacao_11-2019.pdf", "ementa": "Indica ao Sr. Prefeito Municipal que se tome provid\u00eancias urgentes quanto a lama que desce com as chuvas na rua do asilo e da f\u00e1brica de costura."}, {"id": "641", "ano": "2019", "numero": "12", "tipo__sigla": "IND", "tipo__descricao": "Indica\u00e7\u00e3o", "autoria": "Saulo R\u00e9gis de Vilas B\u00f4as", "texto_original": "http://sapl.natercia.mg.leg.br/media/sapl/public/materialegislativa/2019/641/indicacao_12-2019.pdf", "ementa": "Indica ao Sr. Prefeito Municipal que se tome provid\u00eancias no que se refere as placas de PROIBIDO ESTACIONAR (6:30h \u00e0s 18h de segunda \u00e0 sexta) em frente \u00e0 Escola Municipal Coronel Goulart."}, {"id": "646", "ano": "2019", "numero": "13", "tipo__sigla": "IND", "tipo__descricao": "Indica\u00e7\u00e3o", "autoria": "Ant\u00f4nio Noel de Souza", "texto_original": "http://sapl.natercia.mg.leg.br/media/sapl/public/materialegislativa/2019/646/indicacao_13-2019.pdf", "ementa": "Indica ao Sr. Prefeito Municipal que tome provid\u00eancias de ro\u00e7ar as margens das estradas municipais bem como realizar a limpeza das sa\u00eddas de \u00e1gua das mesmas."}, {"id": "647", "ano": "2019", "numero": "14", "tipo__sigla": "IND", "tipo__descricao": "Indica\u00e7\u00e3o", "autoria": "Saulo R\u00e9gis de Vilas B\u00f4as", "texto_original": "http://sapl.natercia.mg.leg.br/media/sapl/public/materialegislativa/2019/647/indicacao_14-2019.pdf", "ementa": "Indica ao Sr. Prefeito Municipal que seja visto a possibilidade de colocar redutor de velocidade no Bairro do Atirado, em frente ao campo de futebol."}, {"id": "650", "ano": "2019", "numero": "15", "tipo__sigla": "IND", "tipo__descricao": "Indica\u00e7\u00e3o", "autoria": "Saulo R\u00e9gis de Vilas B\u00f4as", "texto_original": "http://sapl.natercia.mg.leg.br/media/sapl/public/materialegislativa/2019/650/indicacao_15-2019.pdf", "ementa": "Indica ao Sr. Prefeito Municipal que seja vista a possibilidade de adquirir novos brinquedos ou reformar os brinquedos do Parquinho Municipal."}, {"id": "651", "ano": "2019", "numero": "16", "tipo__sigla": "IND", "tipo__descricao": "Indica\u00e7\u00e3o", "autoria": "Jos\u00e9 Messias Jonas, Leonardo Barreto da Silva , Odair Claudinei da Silva, Saulo R\u00e9gis de Vilas B\u00f4as, Silviano Reis do Vale", "texto_original": "http://sapl.natercia.mg.leg.br/media/sapl/public/materialegislativa/2019/651/indicacao_16-2019.pdf", "ementa": "Indicam ao Sr. Prefeito Municipal que seja vista a possibilidade urgente de consertar a estrada do Bairro do Fagundes."}, {"id": "652", "ano": "2019", "numero": "17", "tipo__sigla": "IND", "tipo__descricao": "Indica\u00e7\u00e3o", "autoria": "Antonio Carlos de Souza", "texto_original": "http://sapl.natercia.mg.leg.br/media/sapl/public/materialegislativa/2019/652/indicacao_17-2019.pdf", "ementa": "Indica ao Sr. Prefeito Municipal que seja enviada uma retroescavadeira, ao Bairro do Fagundes, para executar os seguintes servi\u00e7os: fazer uma opera\u00e7\u00e3o tapa-buracos, em alguns pontos cr\u00edticos da estrada principal; fazer um aterro em uma ponte de manilha, que foi danificada com a enchente, na qual n\u00e3o est\u00e1 permitindo o tr\u00e1fego de ve\u00edculos; fazer a raspagem do barro, que est\u00e1 acumulado, em frente ao tanque de leite da comunidade."}, {"id": "653", "ano": "2019", "numero": "18", "tipo__sigla": "IND", "tipo__descricao": "Indica\u00e7\u00e3o", "autoria": "Leonardo Barreto da Silva ", "texto_original": "http://sapl.natercia.mg.leg.br/media/sapl/public/materialegislativa/2019/653/indicacao_18-2019.pdf", "ementa": "Indica ao Sr. Prefeito Municipal que seja vista a possibilidade de realizar a manuten\u00e7\u00e3o da rua Virg\u00edlio Caetano."}, {"id": "657", "ano": "2019", "numero": "19", "tipo__sigla": "IND", "tipo__descricao": "Indica\u00e7\u00e3o", "autoria": "Ant\u00f4nio Noel de Souza", "texto_original": "http://sapl.natercia.mg.leg.br/media/sapl/public/materialegislativa/2019/657/indicacao_19-2019.pdf", "ementa": "Indica ao Sr. Prefeito Municipal que seja vista a possibilidade de colocar placas indicando o nome das ruas no Bairro da Chapada, conhecido como Brejo."}, {"id": "659", "ano": "2019", "numero": "20", "tipo__sigla": "IND", "tipo__descricao": "Indica\u00e7\u00e3o", "autoria": "Jos\u00e9 Messias Jonas", "texto_original": "http://sapl.natercia.mg.leg.br/media/sapl/public/materialegislativa/2019/659/20-2019.pdf", "ementa": "Indica ao Sr. Prefeito Municipal que seja vista a possibilidade de doar um lote de terreno para a senhora Maria de Lourdes dos Santos."}, {"id": "660", "ano": "2019", "numero": "21", "tipo__sigla": "IND", "tipo__descricao": "Indica\u00e7\u00e3o", "autoria": "Jos\u00e9 Messias Jonas", "texto_original": "http://sapl.natercia.mg.leg.br/media/sapl/public/materialegislativa/2019/660/21-2019.pdf", "ementa": "Indica ao Sr. Prefeito Municipal que seja vista a possibilidade de construir uma guarita nas proximidades da Fazenda Santa Catarina e outra pr\u00f3ximo a academia ao ar livre no Bairro da Cachoeirinha."}, {"id": "665", "ano": "2019", "numero": "22", "tipo__sigla": "IND", "tipo__descricao": "Indica\u00e7\u00e3o", "autoria": "Alessandra Caetano de Siqueira, Antonio Carlos de Souza, Ant\u00f4nio Noel de Souza, Jos\u00e9 Messias Jonas, Leonardo Barreto da Silva , Odair Claudinei da Silva, Saulo R\u00e9gis de Vilas B\u00f4as, Silviano Reis do Vale, Vera L\u00facia Junho dos Reis", "texto_original": "http://sapl.natercia.mg.leg.br/media/sapl/public/materialegislativa/2019/665/22-2019.pdf", "ementa": "Indicam ao Sr. Prefeito Municipal que seja tomada provid\u00eancias urgentes no conserto da ponte constru\u00edda pela Prefeitura Municipal no Bairro da Vargem Comprida que d\u00e1 acesso as propriedades dos senhores: Jos\u00e9 Clesio, Jos\u00e9 Raimundo Fernandes, Francisca Aparecida de Almeida, Paulo C\u00e2ndido, Joaquim Sibio, Ant\u00f4nio Egino, Luiz Ant\u00f4nio de Almeida."}, {"id": "666", "ano": "2019", "numero": "23", "tipo__sigla": "IND", "tipo__descricao": "Indica\u00e7\u00e3o", "autoria": "Ant\u00f4nio Noel de Souza, Jos\u00e9 Messias Jonas, Saulo R\u00e9gis de Vilas B\u00f4as, Vera L\u00facia Junho dos Reis", "texto_original": "http://sapl.natercia.mg.leg.br/media/sapl/public/materialegislativa/2019/666/23-2019.pdf", "ementa": "Indicam ao Sr. Prefeito Municipal que sejam tomadas provid\u00eancias urgentes no conserto do pared\u00e3o da beira do rio que cerca a piscina municipal pr\u00f3ximo \u00e0 entrada da mesma."}, {"id": "667", "ano": "2019", "numero": "24", "tipo__sigla": "IND", "tipo__descricao": "Indica\u00e7\u00e3o", "autoria": "Odair Claudinei da Silva", "texto_original": "http://sapl.natercia.mg.leg.br/media/sapl/public/materialegislativa/2019/667/24-2019.pdf", "ementa": "Indica ao Sr. Prefeito Municipal que sejam pintadas as faixas de estacionamento no ch\u00e3o da Pra\u00e7a Justino Lisboa Carneiro."}, {"id": "668", "ano": "2019", "numero": "25", "tipo__sigla": "IND", "tipo__descricao": "Indica\u00e7\u00e3o", "autoria": "Ant\u00f4nio Noel de Souza, Jos\u00e9 Messias Jonas, Saulo R\u00e9gis de Vilas B\u00f4as, Vera L\u00facia Junho dos Reis", "texto_original": "http://sapl.natercia.mg.leg.br/media/sapl/public/materialegislativa/2019/668/25-2019.pdf", "ementa": "Indicam ao Sr. Prefeito Municipal que sejam tomadas provid\u00eancias para instala\u00e7\u00e3o do alambrado atr\u00e1s dos gols do Campo Municipal e tamb\u00e9m que seja feita a manuten\u00e7\u00e3o do mesmo."}, {"id": "669", "ano": "2019", "numero": "26", "tipo__sigla": "IND", "tipo__descricao": "Indica\u00e7\u00e3o", "autoria": "Odair Claudinei da Silva", "texto_original": "http://sapl.natercia.mg.leg.br/media/sapl/public/materialegislativa/2019/669/26-2019.pdf", "ementa": "Indica ao Sr. Prefeito Municipal que seja vista a possibilidade de instalar um mata burro nas terras do senhor Pedro Evaristo no Bairro dos Fagundes."}, {"id": "670", "ano": "2019", "numero": "27", "tipo__sigla": "IND", "tipo__descricao": "Indica\u00e7\u00e3o", "autoria": "Jos\u00e9 Messias Jonas", "texto_original": "http://sapl.natercia.mg.leg.br/media/sapl/public/materialegislativa/2019/670/27-2019.pdf", "ementa": "Indica ao Sr. Prefeito Municipal que seja vista a possibilidade de arrumar o trator new holland azul pequeno."}, {"id": "671", "ano": "2019", "numero": "28", "tipo__sigla": "IND", "tipo__descricao": "Indica\u00e7\u00e3o", "autoria": "Saulo R\u00e9gis de Vilas B\u00f4as", "texto_original": "http://sapl.natercia.mg.leg.br/media/sapl/public/materialegislativa/2019/671/28-2019.pdf", "ementa": "Indica ao Sr. Prefeito Municipal que seja vista a possibilidade de arrumar a estrada que d\u00e1 acesso ao Bairro dos Fagundes principalmente nas proximidades da casa do senhor Manoel Luiz."}, {"id": "672", "ano": "2019", "numero": "29", "tipo__sigla": "IND", "tipo__descricao": "Indica\u00e7\u00e3o", "autoria": "Saulo R\u00e9gis de Vilas B\u00f4as", "texto_original": "http://sapl.natercia.mg.leg.br/media/sapl/public/materialegislativa/2019/672/29-2019.pdf", "ementa": "Indica ao Sr. Prefeito Municipal que seja vista a possibilidade de consertar a passagem de \u00e1gua do c\u00f3rrego da estrada que d\u00e1 acesso as propriedades da fam\u00edlia do senhor Jos\u00e9 Leriano."}, {"id": "673", "ano": "2019", "numero": "30", "tipo__sigla": "IND", "tipo__descricao": "Indica\u00e7\u00e3o", "autoria": "Saulo R\u00e9gis de Vilas B\u00f4as", "texto_original": "http://sapl.natercia.mg.leg.br/media/sapl/public/materialegislativa/2019/673/30-2019.pdf", "ementa": "Indica ao Sr. Prefeito Municipal que seja desentupido o bueiro do bairro S\u00e3o Bernardo nas proximidades da casa do senhor Rog\u00e9rio Alves da Silva."}, {"id": "678", "ano": "2019", "numero": "31", "tipo__sigla": "IND", "tipo__descricao": "Indica\u00e7\u00e3o", "autoria": "Saulo R\u00e9gis de Vilas B\u00f4as", "texto_original": "http://sapl.natercia.mg.leg.br/media/sapl/public/materialegislativa/2019/678/31-2019.pdf", "ementa": "Indica ao Sr. Prefeito Municipal que seja realizado o conserto da rua Pedro Eufr\u00e1sio Neto."}, {"id": "679", "ano": "2019", "numero": "32", "tipo__sigla": "IND", "tipo__descricao": "Indica\u00e7\u00e3o", "autoria": "Saulo R\u00e9gis de Vilas B\u00f4as", "texto_original": "http://sapl.natercia.mg.leg.br/media/sapl/public/materialegislativa/2019/679/32-2019.pdf", "ementa": "Indica ao Sr. Prefeito Municipal que seja realizada a limpeza do mata-burro na divisa das propriedades dos senhores Jos\u00e9 Cardoso e An\u00e9sio Martins."}, {"id": "680", "ano": "2019", "numero": "33", "tipo__sigla": "IND", "tipo__descricao": "Indica\u00e7\u00e3o", "autoria": "Saulo R\u00e9gis de Vilas B\u00f4as", "texto_original": "http://sapl.natercia.mg.leg.br/media/sapl/public/materialegislativa/2019/680/33-2019.pdf", "ementa": "Indica ao Sr. Prefeito Municipal que seja realizada o conserto das ruas do bairro Santa Catarina, em especial a rua Jos\u00e9 Teodoro dos Reis."}, {"id": "681", "ano": "2019", "numero": "34", "tipo__sigla": "IND", "tipo__descricao": "Indica\u00e7\u00e3o", "autoria": "Antonio Carlos de Souza, Ant\u00f4nio Noel de Souza, Jos\u00e9 Messias Jonas, Leonardo Barreto da Silva , Odair Claudinei da Silva, Saulo R\u00e9gis de Vilas B\u00f4as, Silviano Reis do Vale, Vera L\u00facia Junho dos Reis", "texto_original": "http://sapl.natercia.mg.leg.br/media/sapl/public/materialegislativa/2019/681/indicacao_34-2019.pdf", "ementa": "Indicam ao Sr. Prefeito Municipal que sejam tomadas provid\u00eancias no sentido de regularizar o hor\u00e1rio da placa de estacionamento escolar na Pra\u00e7a Prefeito Ant\u00f4nio Virg\u00edlio da Silva."}, {"id": "686", "ano": "2019", "numero": "35", "tipo__sigla": "IND", "tipo__descricao": "Indica\u00e7\u00e3o", "autoria": "Saulo R\u00e9gis de Vilas B\u00f4as", "texto_original": "http://sapl.natercia.mg.leg.br/media/sapl/public/materialegislativa/2019/686/35-2019.pdf", "ementa": "Indica ao Sr. Prefeito Municipal que seja colocado o corrim\u00e3o no escad\u00e3o na rua pr\u00f3ximo ao hospital municipal."}, {"id": "692", "ano": "2019", "numero": "36", "tipo__sigla": "IND", "tipo__descricao": "Indica\u00e7\u00e3o", "autoria": "Ant\u00f4nio Noel de Souza", "texto_original": "http://sapl.natercia.mg.leg.br/media/sapl/public/materialegislativa/2019/692/36-2019.pdf", "ementa": "Indica ao Sr. Prefeito Municipal que seja vista a possibilidade de colocar mais um bra\u00e7o no poste ou mudar a posi\u00e7\u00e3o do bra\u00e7o existente no poste da esquina da rua S\u00e3o Pedro com a rua Vereador Donizetti Fernandes dos Reis."}, {"id": "694", "ano": "2019", "numero": "37", "tipo__sigla": "IND", "tipo__descricao": "Indica\u00e7\u00e3o", "autoria": "Jos\u00e9 Messias Jonas", "texto_original": "http://sapl.natercia.mg.leg.br/media/sapl/public/materialegislativa/2019/694/37-2019.pdf", "ementa": "Indica ao Sr. Prefeito Municipal que seja vista a possibilidade de colocar um quebra mola na estrada do Bairro da Varginha pr\u00f3ximo \u00e0 casa do senhor Luiz do Z\u00e9 do Mad\u00f4."}, {"id": "706", "ano": "2019", "numero": "38", "tipo__sigla": "IND", "tipo__descricao": "Indica\u00e7\u00e3o", "autoria": "Saulo R\u00e9gis de Vilas B\u00f4as", "texto_original": "http://sapl.natercia.mg.leg.br/media/sapl/public/materialegislativa/2019/706/38-2019.pdf", "ementa": "Indica ao Sr. Prefeito Municipal que seja vista a possibilidade de colocar um redutor de velocidade na rua Cristiano Caetano nas proximidades da esquina com a rua Jo\u00e3o Severino de Paiva."}, {"id": "707", "ano": "2019", "numero": "39", "tipo__sigla": "IND", "tipo__descricao": "Indica\u00e7\u00e3o", "autoria": "Odair Claudinei da Silva", "texto_original": "http://sapl.natercia.mg.leg.br/media/sapl/public/materialegislativa/2019/707/39-2019.pdf", "ementa": "Indica ao Sr. Prefeito Municipal que seja vista a possibilidade de pegar as manilhas que se encontram no terreno do senhor Ant\u00f4nio Oz\u00f3rio no Bairro da Varginha e colocar na estrada que liga no Bairro do Pinhalzinho ao Bairro do Capinzal do lado de cima da casa do senhor Ivo do Pedro Leandro."}, {"id": "714", "ano": "2019", "numero": "40", "tipo__sigla": "IND", "tipo__descricao": "Indica\u00e7\u00e3o", "autoria": "Saulo R\u00e9gis de Vilas B\u00f4as", "texto_original": "http://sapl.natercia.mg.leg.br/media/sapl/public/materialegislativa/2019/714/40-2019.pdf", "ementa": "Indica ao Sr. Prefeito Municipal que seja realizada a manuten\u00e7\u00e3o das estradas principal e vicinais do bairro S\u00e3o Bernardo."}, {"id": "717", "ano": "2019", "numero": "41", "tipo__sigla": "IND", "tipo__descricao": "Indica\u00e7\u00e3o", "autoria": "Saulo R\u00e9gis de Vilas B\u00f4as", "texto_original": "http://sapl.natercia.mg.leg.br/media/sapl/public/materialegislativa/2019/717/41-2019.pdf", "ementa": "Indica ao Sr. Prefeito Municipal que seja realizada a manuten\u00e7\u00e3o urgente da rua Sebasti\u00e3o Tom\u00e1s de Souza."}, {"id": "718", "ano": "2019", "numero": "42", "tipo__sigla": "IND", "tipo__descricao": "Indica\u00e7\u00e3o", "autoria": "Saulo R\u00e9gis de Vilas B\u00f4as", "texto_original": "http://sapl.natercia.mg.leg.br/media/sapl/public/materialegislativa/2019/718/42-2019.pdf", "ementa": "Indica ao Sr. Prefeito Municipal que seja realizada a manuten\u00e7\u00e3o da rua Daniel da Silva Bernardes."}, {"id": "733", "ano": "2019", "numero": "43", "tipo__sigla": "IND", "tipo__descricao": "Indica\u00e7\u00e3o", "autoria": "Jos\u00e9 Messias Jonas", "texto_original": "http://sapl.natercia.mg.leg.br/media/sapl/public/materialegislativa/2019/733/43-2019.pdf", "ementa": "Indica ao Sr. Prefeito Municipal que seja realizada a limpeza das ruas situadas em frente e a baixo da esta\u00e7\u00e3o de tratamento da COPASA."}, {"id": "752", "ano": "2019", "numero": "44", "tipo__sigla": "IND", "tipo__descricao": "Indica\u00e7\u00e3o", "autoria": "Parlamentares", "texto_original": "http://sapl.natercia.mg.leg.br/media/sapl/public/materialegislativa/2019/752/indicacao_44-2019.pdf", "ementa": "Indicam ao Sr. Prefeito Municipal que seja vista a possibilidade de colocar um bra\u00e7o com l\u00e2mpada no poste da rua Jo\u00e3o Raimundo de Freitas."}, {"id": "761", "ano": "2019", "numero": "45", "tipo__sigla": "IND", "tipo__descricao": "Indica\u00e7\u00e3o", "autoria": "Ant\u00f4nio Noel de Souza", "texto_original": "http://sapl.natercia.mg.leg.br/media/sapl/public/materialegislativa/2019/761/indicacao_45.pdf", "ementa": "Indica ao Sr. Prefeito Municipal que seja vista a possibilidade de colocar um bebedouro no Clube Recreativo de Nat\u00e9rcia."}, {"id": "762", "ano": "2019", "numero": "46", "tipo__sigla": "IND", "tipo__descricao": "Indica\u00e7\u00e3o", "autoria": "Jos\u00e9 Messias Jonas", "texto_original": "http://sapl.natercia.mg.leg.br/media/sapl/public/materialegislativa/2019/762/indicacao_46_h4lf3yk.pdf", "ementa": "Indica ao Sr. Prefeito Municipal que sejam notificados os donos dos lotes da rua Jos\u00e9 de Souza Campos, em frente a creche municipal."}, {"id": "763", "ano": "2019", "numero": "47", "tipo__sigla": "IND", "tipo__descricao": "Indica\u00e7\u00e3o", "autoria": "Jos\u00e9 Messias Jonas", "texto_original": "http://sapl.natercia.mg.leg.br/media/sapl/public/materialegislativa/2019/763/indicacao_47.pdf", "ementa": "Indica ao Sr. Prefeito Municipal que seja vista a possibilidade de colocar um poste na rua Sebasti\u00e3o Gon\u00e7alves dos Reis."}, {"id": "764", "ano": "2019", "numero": "48", "tipo__sigla": "IND", "tipo__descricao": "Indica\u00e7\u00e3o", "autoria": "Jos\u00e9 Messias Jonas", "texto_original": "http://sapl.natercia.mg.leg.br/media/sapl/public/materialegislativa/2019/764/indicacao_48.pdf", "ementa": "Indica ao Sr. Prefeito Municipal que seja vista a possibilidade de um estudo para recolher o lixo recicl\u00e1vel durante dois dias por semana."}, {"id": "765", "ano": "2019", "numero": "49", "tipo__sigla": "IND", "tipo__descricao": "Indica\u00e7\u00e3o", "autoria": "Jos\u00e9 Messias Jonas", "texto_original": "http://sapl.natercia.mg.leg.br/media/sapl/public/materialegislativa/2019/765/indicacao_49.pdf", "ementa": "Indica ao Sr. Prefeito Municipal que seja vista a possibilidade de um estudo para redu\u00e7\u00e3o de velocidade dos ve\u00edculos que trafegam na rua Jos\u00e9 de Souza Campos, entre o quebra mola da Creche Municipal e a depress\u00e3o em frente \u00e0 loja Alice Modas."}, {"id": "766", "ano": "2019", "numero": "50", "tipo__sigla": "IND", "tipo__descricao": "Indica\u00e7\u00e3o", "autoria": "Saulo R\u00e9gis de Vilas B\u00f4as", "texto_original": "http://sapl.natercia.mg.leg.br/media/sapl/public/materialegislativa/2019/766/indicacao_50.pdf", "ementa": "Indica ao Sr. Prefeito Municipal que seja vista a possibilidade de fazer a manuten\u00e7\u00e3o urgente de pelo menos alguns trechos na estrada que d\u00e1 acesso \u00e0 casa do senhor Jos\u00e9 Abr\u00e3o, senhor Fernando entre outros."}, {"id": "767", "ano": "2019", "numero": "51", "tipo__sigla": "IND", "tipo__descricao": "Indica\u00e7\u00e3o", "autoria": "Saulo R\u00e9gis de Vilas B\u00f4as", "texto_original": "http://sapl.natercia.mg.leg.br/media/sapl/public/materialegislativa/2019/767/indicacao_51.pdf", "ementa": "Indica ao Sr. Prefeito Municipal que seja vista a possibilidade de constru\u00e7\u00e3o e sinaliza\u00e7\u00e3o das laterais da ponte da estrada que d\u00e1 acesso ao bairro S\u00e3o Bernardo."}, {"id": "768", "ano": "2019", "numero": "52", "tipo__sigla": "IND", "tipo__descricao": "Indica\u00e7\u00e3o", "autoria": "Saulo R\u00e9gis de Vilas B\u00f4as", "texto_original": "http://sapl.natercia.mg.leg.br/media/sapl/public/materialegislativa/2019/768/indicacao_52.pdf", "ementa": "Indica ao Sr. Prefeito Municipal que seja vista a possibilidade de nomear um respons\u00e1vel para realizar a limpeza do Parquinho Municipal."}, {"id": "769", "ano": "2019", "numero": "53", "tipo__sigla": "IND", "tipo__descricao": "Indica\u00e7\u00e3o", "autoria": "Saulo R\u00e9gis de Vilas B\u00f4as", "texto_original": "http://sapl.natercia.mg.leg.br/media/sapl/public/materialegislativa/2019/769/indicacao_53.pdf", "ementa": "Indica ao Sr. Prefeito Municipal que seja vista a possibilidade de realizar a sinaliza\u00e7\u00e3o do lado de dentro do Clube Recreativo pr\u00f3ximo a porta de deficiente."}, {"id": "770", "ano": "2019", "numero": "54", "tipo__sigla": "IND", "tipo__descricao": "Indica\u00e7\u00e3o", "autoria": "Odair Claudinei da Silva", "texto_original": "http://sapl.natercia.mg.leg.br/media/sapl/public/materialegislativa/2019/770/indicacao_54.pdf", "ementa": "Indica ao Sr. Prefeito Municipal que seja vista a possibilidade de arrumar a manilha da estrada do bairro do Pinhalzinho dos Fagundes pr\u00f3ximo \u00e0 casa do senhor Inho Am\u00e9rico."}, {"id": "661", "ano": "2019", "numero": "1", "tipo__sigla": "PLC", "tipo__descricao": "Projeto de Lei Complementar", "autoria": "Poder Executivo", "texto_original": "http://sapl.natercia.mg.leg.br/media/sapl/public/materialegislativa/2019/661/projeto_de_lei_complementar_01-2019.pdf", "ementa": "\"Disp\u00f5e sobre as normas para parcelamento de d\u00e9bitos fiscais lan\u00e7ados em d\u00edvida ativa pela Fazenda Municipal e d\u00e1 outras provid\u00eancias.\""}, {"id": "664", "ano": "2019", "numero": "2", "tipo__sigla": "PLC", "tipo__descricao": "Projeto de Lei Complementar", "autoria": "Poder Executivo", "texto_original": "http://sapl.natercia.mg.leg.br/media/sapl/public/materialegislativa/2019/664/projeto_de_lei_complementar_02-2019_bDbCdJA.pdf", "ementa": "\"Disp\u00f5e sobre a Planta Gen\u00e9rica de Valores - PGV do Munic\u00edpio e d\u00e1 outras provid\u00eancias.\""}, {"id": "696", "ano": "2019", "numero": "3", "tipo__sigla": "PLC", "tipo__descricao": "Projeto de Lei Complementar", "autoria": "Poder Executivo", "texto_original": "http://sapl.natercia.mg.leg.br/media/sapl/public/materialegislativa/2019/696/projeto_de_lei_complemantar_03.pdf", "ementa": "\"Disp\u00f5e sobre a revoga\u00e7\u00e3o das Taxas de Servi\u00e7os P\u00fablicos constantes no C\u00f3digo Tribut\u00e1rio Municipal, institu\u00eddo pela Lei Complementar n\u00b0 09, de 04 de dezembro de 2008, e d\u00e1 outras provid\u00eancias.\""}, {"id": "716", "ano": "2019", "numero": "4", "tipo__sigla": "PLC", "tipo__descricao": "Projeto de Lei Complementar", "autoria": "Poder Executivo", "texto_original": "http://sapl.natercia.mg.leg.br/media/sapl/public/materialegislativa/2019/716/plc_04.pdf", "ementa": "\"Cria vaga no cargo especificado e d\u00e1 outras provid\u00eancias.\""}, {"id": "728", "ano": "2019", "numero": "5", "tipo__sigla": "PLC", "tipo__descricao": "Projeto de Lei Complementar", "autoria": "Poder Executivo", "texto_original": "http://sapl.natercia.mg.leg.br/media/sapl/public/materialegislativa/2019/728/plc_05.pdf", "ementa": "\"Cria vaga no cargo especificado e d\u00e1 outras provid\u00eancias.\""}, {"id": "743", "ano": "2019", "numero": "6", "tipo__sigla": "PLC", "tipo__descricao": "Projeto de Lei Complementar", "autoria": "Poder Executivo", "texto_original": "http://sapl.natercia.mg.leg.br/media/sapl/public/materialegislativa/2019/743/plc_06.pdf", "ementa": "\"Disp\u00f5e sobre o Plano de Cargos, Carreiras, Vencimentos e remunera\u00e7\u00e3o dos Profissionais do Magist\u00e9rio da Educa\u00e7\u00e3o B\u00e1sica da Prefeitura Municipal de Nat\u00e9rcia e d\u00e1 outras provid\u00eancias.\""}, {"id": "744", "ano": "2019", "numero": "7", "tipo__sigla": "PLC", "tipo__descricao": "Projeto de Lei Complementar", "autoria": "Poder Executivo", "texto_original": "http://sapl.natercia.mg.leg.br/media/sapl/public/materialegislativa/2019/744/plc_07.pdf", "ementa": "\"Cria vaga no cargo especificado e d\u00e1 outras provid\u00eancias.\""}, {"id": "617", "ano": "2019", "numero": "1", "tipo__sigla": "PLO", "tipo__descricao": "Projeto de Lei Ordin\u00e1ria", "autoria": "Poder Executivo", "texto_original": "http://sapl.natercia.mg.leg.br/media/sapl/public/materialegislativa/2019/617/1_plo_1-2019.pdf", "ementa": "\"Autoriza parcelamento para ressarcimento aos cofres municipais e d\u00e1 outras provid\u00eancias.\""}, {"id": "618", "ano": "2019", "numero": "2", "tipo__sigla": "PLO", "tipo__descricao": "Projeto de Lei Ordin\u00e1ria", "autoria": "Poder Executivo", "texto_original": "http://sapl.natercia.mg.leg.br/media/sapl/public/materialegislativa/2019/618/1_plo_2-2019.pdf", "ementa": "\"Acrescenta par\u00e1grafos ao artigo 12\u00b0 da Lei Municipal 1233/2014.\""}, {"id": "619", "ano": "2019", "numero": "3", "tipo__sigla": "PLO", "tipo__descricao": "Projeto de Lei Ordin\u00e1ria", "autoria": "Poder Executivo", "texto_original": "http://sapl.natercia.mg.leg.br/media/sapl/public/materialegislativa/2019/619/1_plo_3-2019.pdf", "ementa": "\"Concede revis\u00e3o geral anual da remunera\u00e7\u00e3o dos servidores p\u00fablicos efetivos, inativos, pensionistas, comissionados, contratados por tempo determinado e d\u00e1 outras provid\u00eancias.\""}, {"id": "620", "ano": "2019", "numero": "4", "tipo__sigla": "PLO", "tipo__descricao": "Projeto de Lei Ordin\u00e1ria", "autoria": "Poder Executivo", "texto_original": "http://sapl.natercia.mg.leg.br/media/sapl/public/materialegislativa/2019/620/1_plo_4-2019.pdf", "ementa": "\"Disp\u00f5e sobre a concess\u00e3o de revis\u00e3o geral anual de subs\u00eddios aos agentes pol\u00edticos municipais e estabelece outras provid\u00eancias.\""}, {"id": "621", "ano": "2019", "numero": "5", "tipo__sigla": "PLO", "tipo__descricao": "Projeto de Lei Ordin\u00e1ria", "autoria": "Poder Executivo", "texto_original": "http://sapl.natercia.mg.leg.br/media/sapl/public/materialegislativa/2019/621/1_plo_5-2019.pdf", "ementa": "\"Concede aumento real da remunera\u00e7\u00e3o dos servidores p\u00fablicos efetivos, inativos, pensionistas, comissionados, contratados por tempo determinado e d\u00e1 outras provid\u00eancias.\""}, {"id": "622", "ano": "2019", "numero": "6", "tipo__sigla": "PLO", "tipo__descricao": "Projeto de Lei Ordin\u00e1ria", "autoria": "Poder Executivo", "texto_original": "http://sapl.natercia.mg.leg.br/media/sapl/public/materialegislativa/2019/622/1_plo_6-2019.pdf", "ementa": "\"Autoriza o Poder Executivo Municipal a efetuar a abertura de cr\u00e9dito adicional suplementar no Or\u00e7amento do Munic\u00edpio de Nat\u00e9rcia - MG, para o exerc\u00edcio de 2019.\""}, {"id": "623", "ano": "2019", "numero": "7", "tipo__sigla": "PLO", "tipo__descricao": "Projeto de Lei Ordin\u00e1ria", "autoria": "Poder Executivo", "texto_original": "http://sapl.natercia.mg.leg.br/media/sapl/public/materialegislativa/2019/623/1_plo_7-2019.pdf", "ementa": "\"Fixa o valor dos vencimentos dos Agentes Comunit\u00e1rios de Sa\u00fade e Agentes de Combate \u00e0s Endemias equivalente ao piso nacional fixado pela Lei Federal n\u00ba 13.708/2018 e d\u00e1 outras provid\u00eancias.\""}, {"id": "627", "ano": "2019", "numero": "8", "tipo__sigla": "PLO", "tipo__descricao": "Projeto de Lei Ordin\u00e1ria", "autoria": "Mesa Diretora", "texto_original": "http://sapl.natercia.mg.leg.br/media/sapl/public/materialegislativa/2019/627/1_plo_08-2019.pdf", "ementa": "\"Concede aumento real no sal\u00e1rio b\u00e1sico mensal dos cargos em comiss\u00e3o dos servidores p\u00fablicos do quadro de pessoal da C\u00e2mara Municipal de Nat\u00e9rcia.\""}, {"id": "643", "ano": "2019", "numero": "9", "tipo__sigla": "PLO", "tipo__descricao": "Projeto de Lei Ordin\u00e1ria", "autoria": "Poder Executivo", "texto_original": "http://sapl.natercia.mg.leg.br/media/sapl/public/materialegislativa/2019/643/1_plo_1-2019.pdf", "ementa": "\u201cInstitui o programa \"Adote um Equipamento P\u00fablico\" no Munic\u00edpio de Nat\u00e9rcia e d\u00e1 outras provid\u00eancias.\u201d"}, {"id": "656", "ano": "2019", "numero": "10", "tipo__sigla": "PLO", "tipo__descricao": "Projeto de Lei Ordin\u00e1ria", "autoria": "Poder Executivo", "texto_original": "http://sapl.natercia.mg.leg.br/media/sapl/public/materialegislativa/2019/656/1_plo_10-2019.pdf", "ementa": "\"Disp\u00f5e sobre a autoriza\u00e7\u00e3o para a participa\u00e7\u00e3o do munic\u00edpio de Nat\u00e9rcia no cons\u00f3rcio p\u00fablico denominado Associa\u00e7\u00e3o dos Munic\u00edpios da Microrregi\u00e3o do M\u00e9dio Sapuca\u00ed - AMESP.\""}, {"id": "662", "ano": "2019", "numero": "11", "tipo__sigla": "PLO", "tipo__descricao": "Projeto de Lei Ordin\u00e1ria", "autoria": "Poder Executivo", "texto_original": "http://sapl.natercia.mg.leg.br/media/sapl/public/materialegislativa/2019/662/1_plo_11-2019.pdf", "ementa": "\"Disp\u00f5e sobre as diretrizes para a elabora\u00e7\u00e3o da Lei Or\u00e7ament\u00e1ria de 2020 e d\u00e1 outras provid\u00eancias.\""}, {"id": "663", "ano": "2019", "numero": "12", "tipo__sigla": "PLO", "tipo__descricao": "Projeto de Lei Ordin\u00e1ria", "autoria": "Poder Executivo", "texto_original": "http://sapl.natercia.mg.leg.br/media/sapl/public/materialegislativa/2019/663/1_plo_12-2019.pdf", "ementa": "\"Disp\u00f5e sobre a autoriza\u00e7\u00e3o para a participa\u00e7\u00e3o do munic\u00edpio de Nat\u00e9rcia no cons\u00f3rcio p\u00fablico denominado Associa\u00e7\u00e3o dos Munic\u00edpios da Microrregi\u00e3o do M\u00e9dio Sapuca\u00ed - AMESP.\""}, {"id": "688", "ano": "2019", "numero": "13", "tipo__sigla": "PLO", "tipo__descricao": "Projeto de Lei Ordin\u00e1ria", "autoria": "Poder Executivo", "texto_original": "http://sapl.natercia.mg.leg.br/media/sapl/public/materialegislativa/2019/688/1_plo_13-2019.pdf", "ementa": "\"Cria gratifica\u00e7\u00e3o especial de final de semana e feriado, e d\u00e1 outras provid\u00eancias.\""}, {"id": "699", "ano": "2019", "numero": "14", "tipo__sigla": "PLO", "tipo__descricao": "Projeto de Lei Ordin\u00e1ria", "autoria": "Poder Executivo", "texto_original": "http://sapl.natercia.mg.leg.br/media/sapl/public/materialegislativa/2019/699/plo_14.pdf", "ementa": "\"Autoriza a adequa\u00e7\u00e3o de valores, programas e a\u00e7\u00f5es do PPA 2018/2021 para elabora\u00e7\u00e3o da Lei Or\u00e7ament\u00e1ria 2020.\""}, {"id": "700", "ano": "2019", "numero": "15", "tipo__sigla": "PLO", "tipo__descricao": "Projeto de Lei Ordin\u00e1ria", "autoria": "Poder Executivo", "texto_original": "http://sapl.natercia.mg.leg.br/media/sapl/public/materialegislativa/2019/700/1_plo_15-2019.pdf", "ementa": "\"Altera a Lei Municipal n.\u00b0 1.382/2019, de 05 de Julho de 2019 que disp\u00f5e sobre as diretrizes para elabora\u00e7\u00e3o da proposta or\u00e7ament\u00e1ria para o exerc\u00edcio financeiro de 2020 e d\u00e1 outras provid\u00eancias.\""}, {"id": "701", "ano": "2019", "numero": "16", "tipo__sigla": "PLO", "tipo__descricao": "Projeto de Lei Ordin\u00e1ria", "autoria": "Poder Executivo", "texto_original": "http://sapl.natercia.mg.leg.br/media/sapl/public/materialegislativa/2019/701/1_plo_16-2019.pdf", "ementa": "\"Estima a receita e fixa a despesa do Munic\u00edpio de Nat\u00e9rcia-MG, para o exerc\u00edcio financeiro de 2020.\""}, {"id": "702", "ano": "2019", "numero": "17", "tipo__sigla": "PLO", "tipo__descricao": "Projeto de Lei Ordin\u00e1ria", "autoria": "Poder Executivo", "texto_original": "http://sapl.natercia.mg.leg.br/media/sapl/public/materialegislativa/2019/702/1_plo_17-2019.pdf", "ementa": "\"Autoriza o Poder Executivo a contratar opera\u00e7\u00e3o de cr\u00e9dito com a CAIXA ECON\u00d4MICA FEDERAL, e d\u00e1 outras provid\u00eancias.\""}, {"id": "705", "ano": "2019", "numero": "18", "tipo__sigla": "PLO", "tipo__descricao": "Projeto de Lei Ordin\u00e1ria", "autoria": "Poder Executivo", "texto_original": "http://sapl.natercia.mg.leg.br/media/sapl/public/materialegislativa/2019/705/1_plo_18-2019.pdf", "ementa": "\"Autoriza regulariza\u00e7\u00e3o de projeto urban\u00edstico do Conjunto Habitacional Luiz Lopes Fernandes I e II e d\u00e1 outras provid\u00eancias.\""}, {"id": "703", "ano": "2019", "numero": "19", "tipo__sigla": "PLO", "tipo__descricao": "Projeto de Lei Ordin\u00e1ria", "autoria": "Poder Executivo", "texto_original": "http://sapl.natercia.mg.leg.br/media/sapl/public/materialegislativa/2019/703/1_plo_19-2019.pdf", "ementa": "\"Autoriza o Poder Executivo Municipal a efetuar a abertura de Cr\u00e9dito Adicional Suplementar no Or\u00e7amento do Munic\u00edpio de Nat\u00e9rcia - MG, para o exerc\u00edcio de 2019.\""}, {"id": "704", "ano": "2019", "numero": "20", "tipo__sigla": "PLO", "tipo__descricao": "Projeto de Lei Ordin\u00e1ria", "autoria": "Poder Executivo", "texto_original": "http://sapl.natercia.mg.leg.br/media/sapl/public/materialegislativa/2019/704/1_plo_20-2019.pdf", "ementa": "\"Autoriza o Poder Executivo Municipal a efetuar a abertura de Cr\u00e9dito Adicional Especial no Or\u00e7amento do Munic\u00edpio de Nat\u00e9rcia - MG, para o exerc\u00edcio de 2019.\""}, {"id": "710", "ano": "2019", "numero": "21", "tipo__sigla": "PLO", "tipo__descricao": "Projeto de Lei Ordin\u00e1ria", "autoria": "Poder Executivo", "texto_original": "http://sapl.natercia.mg.leg.br/media/sapl/public/materialegislativa/2019/710/1_plo_21-2019.pdf", "ementa": "\"Autoriza o munic\u00edpio a n\u00e3o ajuizar execu\u00e7\u00f5es fiscais de d\u00e9bitos de pequeno valor, cancelar e extinguir d\u00e9bitos alcan\u00e7ados pela prescri\u00e7\u00e3o, firmar acordo em processos administrativos e judiciais, e d\u00e1 outras provid\u00eancias.\""}, {"id": "711", "ano": "2019", "numero": "22", "tipo__sigla": "PLO", "tipo__descricao": "Projeto de Lei Ordin\u00e1ria", "autoria": "Poder Executivo", "texto_original": "http://sapl.natercia.mg.leg.br/media/sapl/public/materialegislativa/2019/711/1_plo_22-2019.pdf", "ementa": "\"Disp\u00f5e sobre a autoriza\u00e7\u00e3o para a abertura de Cr\u00e9dito Adicional na LOA 2019, Lei n\u00b0 01368/18 e d\u00e1 outras provid\u00eancias.\""}, {"id": "719", "ano": "2019", "numero": "23", "tipo__sigla": "PLO", "tipo__descricao": "Projeto de Lei Ordin\u00e1ria", "autoria": "Poder Executivo", "texto_original": "http://sapl.natercia.mg.leg.br/media/sapl/public/materialegislativa/2019/719/1_plo_23-2019.pdf", "ementa": "\"Autoriza o Poder Executivo a firmar parcerias com Organiza\u00e7\u00f5es da Sociedade Civil que especifica, nos termos da Lei Federal n\u00b0 13.019/14, e d\u00e1 outras provid\u00eancias.\""}, {"id": "720", "ano": "2019", "numero": "24", "tipo__sigla": "PLO", "tipo__descricao": "Projeto de Lei Ordin\u00e1ria", "autoria": "Poder Executivo", "texto_original": "http://sapl.natercia.mg.leg.br/media/sapl/public/materialegislativa/2019/720/1_plo_24-2019.pdf", "ementa": "\"Disp\u00f5e sobre a implanta\u00e7\u00e3o e organiza\u00e7\u00e3o do Conselho Escolar das Escolas Municipais de Nat\u00e9rcia e d\u00e1 outras provid\u00eancias.\""}, {"id": "721", "ano": "2019", "numero": "25", "tipo__sigla": "PLO", "tipo__descricao": "Projeto de Lei Ordin\u00e1ria", "autoria": "Poder Executivo", "texto_original": "http://sapl.natercia.mg.leg.br/media/sapl/public/materialegislativa/2019/721/1_plo_25-2019.pdf", "ementa": "\"Disp\u00f5e sobre regime de concess\u00e3o de adiantamento de despesas aos servidores p\u00fablicos com a fun\u00e7\u00e3o de motoristas e determina outras provid\u00eancias.\""}, {"id": "722", "ano": "2019", "numero": "26", "tipo__sigla": "PLO", "tipo__descricao": "Projeto de Lei Ordin\u00e1ria", "autoria": "Poder Executivo", "texto_original": "http://sapl.natercia.mg.leg.br/media/sapl/public/materialegislativa/2019/722/1_plo_26-2019.pdf", "ementa": "\"Disp\u00f5e sobre o regime de reembolso de despesas com alimenta\u00e7\u00e3o a servidores p\u00fablicos e determina outras provid\u00eancias.\""}, {"id": "723", "ano": "2019", "numero": "27", "tipo__sigla": "PLO", "tipo__descricao": "Projeto de Lei Ordin\u00e1ria", "autoria": "Poder Executivo", "texto_original": "http://sapl.natercia.mg.leg.br/media/sapl/public/materialegislativa/2019/723/1_plo_27-2019.pdf", "ementa": "\"Disp\u00f5e sobre o regime de concess\u00e3o de di\u00e1rias \u00e0 servidores p\u00fablicos e agentes pol\u00edticos do Poder Executivo Municipal e determina outras provid\u00eancias.\""}, {"id": "724", "ano": "2019", "numero": "28", "tipo__sigla": "PLO", "tipo__descricao": "Projeto de Lei Ordin\u00e1ria", "autoria": "Poder Executivo", "texto_original": "http://sapl.natercia.mg.leg.br/media/sapl/public/materialegislativa/2019/724/1_plo_29-2019.pdf", "ementa": "\"Concede revis\u00e3o geral anual da remunera\u00e7\u00e3o dos servidores p\u00fablicos efetivos, inativos, pensionistas, comissionados, contratados por tempo determinado e d\u00e1 outras provid\u00eancias.\""}, {"id": "729", "ano": "2019", "numero": "29", "tipo__sigla": "PLO", "tipo__descricao": "Projeto de Lei Ordin\u00e1ria", "autoria": "Poder Executivo", "texto_original": "http://sapl.natercia.mg.leg.br/media/sapl/public/materialegislativa/2019/729/1_plo_29-2019.pdf", "ementa": "\"Autoriza a Prefeitura Municipal a conceder Cestas B\u00e1sicas em Pec\u00fania na forma que especifica e d\u00e1 outras provid\u00eancias.\""}, {"id": "730", "ano": "2019", "numero": "30", "tipo__sigla": "PLO", "tipo__descricao": "Projeto de Lei Ordin\u00e1ria", "autoria": "Poder Executivo", "texto_original": "http://sapl.natercia.mg.leg.br/media/sapl/public/materialegislativa/2019/730/1_plo_30-2019.pdf", "ementa": "\"Cria gratifica\u00e7\u00e3o especial de final de semana e feriado, e d\u00e1 outras provid\u00eancias.\""}, {"id": "731", "ano": "2019", "numero": "31", "tipo__sigla": "PLO", "tipo__descricao": "Projeto de Lei Ordin\u00e1ria", "autoria": "Poder Executivo", "texto_original": "http://sapl.natercia.mg.leg.br/media/sapl/public/materialegislativa/2019/731/1_plo_31-2019.pdf", "ementa": "\"Autoriza o Poder Executivo a doar bem m\u00f3vel para entidade que especifica e d\u00e1 outras provid\u00eancias.\""}, {"id": "732", "ano": "2019", "numero": "32", "tipo__sigla": "PLO", "tipo__descricao": "Projeto de Lei Ordin\u00e1ria", "autoria": "Poder Executivo", "texto_original": "http://sapl.natercia.mg.leg.br/media/sapl/public/materialegislativa/2019/732/1_plo_32-2019.pdf", "ementa": "\"Autoriza o Poder Executivo Municipal a efetuar a abertura de cr\u00e9dito adicional suplementar no Or\u00e7amento do Munic\u00edpio de Nat\u00e9rcia - MG, para o exerc\u00edcio de 2019.\""}, {"id": "734", "ano": "2019", "numero": "33", "tipo__sigla": "PLO", "tipo__descricao": "Projeto de Lei Ordin\u00e1ria", "autoria": "Mesa Diretora", "texto_original": "http://sapl.natercia.mg.leg.br/media/sapl/public/materialegislativa/2019/734/1_plo_33-2019.pdf", "ementa": "\"Disp\u00f5e sobre a concess\u00e3o de revis\u00e3o geral anual de subs\u00eddios aos Agentes Pol\u00edticos Municipais do Legislativo e estabelece outras provid\u00eancias.\""}, {"id": "735", "ano": "2019", "numero": "34", "tipo__sigla": "PLO", "tipo__descricao": "Projeto de Lei Ordin\u00e1ria", "autoria": "Mesa Diretora", "texto_original": "http://sapl.natercia.mg.leg.br/media/sapl/public/materialegislativa/2019/735/1_plo_34-2019.pdf", "ementa": "\"Concede revis\u00e3o geral anual da remunera\u00e7\u00e3o dos servidores p\u00fablicos do quadro de pessoal da C\u00e2mara Municipal de Nat\u00e9rcia.\""}, {"id": "736", "ano": "2019", "numero": "35", "tipo__sigla": "PLO", "tipo__descricao": "Projeto de Lei Ordin\u00e1ria", "autoria": "Mesa Diretora", "texto_original": "http://sapl.natercia.mg.leg.br/media/sapl/public/materialegislativa/2019/736/1_plo_35-2019.pdf", "ementa": "\"Altera art. 3\u00ba da Lei Municipal 1222/2014 que \"Institui e autoriza a C\u00e2mara Municipal de Nat\u00e9rcia a conceder aux\u00edlio alimenta\u00e7\u00e3o em pec\u00fania na forma que especifica aos servidores da C\u00e2mara Municipal e d\u00e1 outras provid\u00eancias\".\""}, {"id": "737", "ano": "2019", "numero": "36", "tipo__sigla": "PLO", "tipo__descricao": "Projeto de Lei Ordin\u00e1ria", "autoria": "Poder Executivo", "texto_original": "http://sapl.natercia.mg.leg.br/media/sapl/public/materialegislativa/2019/737/1_plo_36-2019.pdf", "ementa": "\"Autoriza o Poder Executivo a doar \u00e1rea desafetada e d\u00e1 outras provid\u00eancias.\""}, {"id": "738", "ano": "2019", "numero": "37", "tipo__sigla": "PLO", "tipo__descricao": "Projeto de Lei Ordin\u00e1ria", "autoria": "Poder Executivo", "texto_original": "http://sapl.natercia.mg.leg.br/media/sapl/public/materialegislativa/2019/738/1_plo_37-2019.pdf", "ementa": "\"Autoriza o Poder Executivo Municipal a efetuar a abertura de Cr\u00e9dito Adicional Suplementar no Or\u00e7amento do Munic\u00edpio de Nat\u00e9rcia - MG, para o exerc\u00edcio de 2020.\""}, {"id": "739", "ano": "2019", "numero": "38", "tipo__sigla": "PLO", "tipo__descricao": "Projeto de Lei Ordin\u00e1ria", "autoria": "Poder Executivo", "texto_original": "http://sapl.natercia.mg.leg.br/media/sapl/public/materialegislativa/2019/739/1_plo_38-2019.pdf", "ementa": "\"Autoriza o Poder Executivo Municipal a efetuar abertura de Cr\u00e9dito Adicional Especial no Or\u00e7amento do Munic\u00edpio de Nat\u00e9rcia - MG, para o exerc\u00edcio de 2020.\""}, {"id": "740", "ano": "2019", "numero": "39", "tipo__sigla": "PLO", "tipo__descricao": "Projeto de Lei Ordin\u00e1ria", "autoria": "Poder Executivo", "texto_original": "http://sapl.natercia.mg.leg.br/media/sapl/public/materialegislativa/2019/740/1_plo_39-2019.pdf", "ementa": "\"Autoriza o Poder Executivo a contratar opera\u00e7\u00e3o de cr\u00e9dito FINISA com a CAIXA ECON\u00d4MICA FEDERAL, e d\u00e1 outras provid\u00eancias.\""}, {"id": "745", "ano": "2019", "numero": "40", "tipo__sigla": "PLO", "tipo__descricao": "Projeto de Lei Ordin\u00e1ria", "autoria": "Poder Executivo", "texto_original": "http://sapl.natercia.mg.leg.br/media/sapl/public/materialegislativa/2019/745/1_plo_40-2019.pdf", "ementa": "\"Autoriza o Poder Executivo a doar \u00e1rea desafetada e d\u00e1 outras provid\u00eancias.\""}, {"id": "747", "ano": "2019", "numero": "41", "tipo__sigla": "PLO", "tipo__descricao": "Projeto de Lei Ordin\u00e1ria", "autoria": "Poder Executivo", "texto_original": "http://sapl.natercia.mg.leg.br/media/sapl/public/materialegislativa/2019/747/1_plo_41-2019.pdf", "ementa": "\"Autoriza o Poder Executivo a doar \u00e1rea desafetada e d\u00e1 outras provid\u00eancias.\""}, {"id": "746", "ano": "2019", "numero": "42", "tipo__sigla": "PLO", "tipo__descricao": "Projeto de Lei Ordin\u00e1ria", "autoria": "Poder Executivo", "texto_original": "http://sapl.natercia.mg.leg.br/media/sapl/public/materialegislativa/2019/746/1_plo_42-2019.pdf", "ementa": "\"Autoriza o Poder Executivo a doar \u00e1rea desafetada e d\u00e1 outras provid\u00eancias.\""}, {"id": "748", "ano": "2019", "numero": "43", "tipo__sigla": "PLO", "tipo__descricao": "Projeto de Lei Ordin\u00e1ria", "autoria": "Poder Executivo", "texto_original": "http://sapl.natercia.mg.leg.br/media/sapl/public/materialegislativa/2019/748/1_plo_43-2019.pdf", "ementa": "\"Autoriza o Poder Executivo a doar \u00e1rea desafetada e d\u00e1 outras provid\u00eancias.\""}, {"id": "749", "ano": "2019", "numero": "44", "tipo__sigla": "PLO", "tipo__descricao": "Projeto de Lei Ordin\u00e1ria", "autoria": "Poder Executivo", "texto_original": "http://sapl.natercia.mg.leg.br/media/sapl/public/materialegislativa/2019/749/1_plo_44-2019.pdf", "ementa": "\"Autoriza o Poder Executivo a doar \u00e1rea desafetada e d\u00e1 outras provid\u00eancias.\""}, {"id": "750", "ano": "2019", "numero": "45", "tipo__sigla": "PLO", "tipo__descricao": "Projeto de Lei Ordin\u00e1ria", "autoria": "Poder Executivo", "texto_original": "http://sapl.natercia.mg.leg.br/media/sapl/public/materialegislativa/2019/750/1_plo_45-2019.pdf", "ementa": "\"Autoriza o Poder Executivo a doar \u00e1rea desafetada e d\u00e1 outras provid\u00eancias.\""}, {"id": "751", "ano": "2019", "numero": "46", "tipo__sigla": "PLO", "tipo__descricao": "Projeto de Lei Ordin\u00e1ria", "autoria": "Poder Executivo", "texto_original": "http://sapl.natercia.mg.leg.br/media/sapl/public/materialegislativa/2019/751/1_plo_46-2019.pdf", "ementa": "\"Autoriza o Poder Executivo a doar \u00e1rea desafetada e d\u00e1 outras provid\u00eancias.\""}, {"id": "628", "ano": "2019", "numero": "1", "tipo__sigla": "PRE", "tipo__descricao": "Projeto de Resolu\u00e7\u00e3o", "autoria": "Mesa Diretora", "texto_original": "http://sapl.natercia.mg.leg.br/media/sapl/public/materialegislativa/2019/628/projeto_de_resolucao_01-2019_pEKtArr.pdf", "ementa": "\"Autoriza a transfer\u00eancia de bens patrimoniais da C\u00e2mara Municipal de Nat\u00e9rcia - MG para o patrim\u00f4nio da Prefeitura Municipal de Nat\u00e9rcia - MG e d\u00e1 outras provid\u00eancias.\""}, {"id": "644", "ano": "2019", "numero": "1", "tipo__sigla": "REQ", "tipo__descricao": "Requerimento", "autoria": "Odair Claudinei da Silva", "texto_original": "http://sapl.natercia.mg.leg.br/media/sapl/public/materialegislativa/2019/644/requerimento_01-2019.pdf", "ementa": "Requerer que seja solicitado ao Exmo. Senhor Prefeito Municipal esclarecimentos sobre como est\u00e1 sendo realizado o transporte de alunos da Zona Urbana."}, {"id": "648", "ano": "2019", "numero": "2", "tipo__sigla": "REQ", "tipo__descricao": "Requerimento", "autoria": "Alessandra Caetano de Siqueira, Antonio Carlos de Souza, Ant\u00f4nio Noel de Souza, Jos\u00e9 Messias Jonas, Odair Claudinei da Silva, Saulo R\u00e9gis de Vilas B\u00f4as, Silviano Reis do Vale, Vera L\u00facia Junho dos Reis", "texto_original": "http://sapl.natercia.mg.leg.br/media/sapl/public/materialegislativa/2019/648/requerimento_02-2019.pdf", "ementa": "Requer, que seja elaborada, na forma do art. 135 do mesmo diploma legislativo, representa\u00e7\u00e3o por den\u00fancia apresentada no Plen\u00e1rio."}, {"id": "654", "ano": "2019", "numero": "3", "tipo__sigla": "REQ", "tipo__descricao": "Requerimento", "autoria": "Jos\u00e9 Messias Jonas, Leonardo Barreto da Silva, Odair Claudinei da Silva, Saulo R\u00e9gis de Vilas B\u00f4as, Silviano Reis do Vale", "texto_original": "http://sapl.natercia.mg.leg.br/media/sapl/public/materialegislativa/2019/654/requerimento_03-2019.pdf", "ementa": "Requerer que seja solicitado junto a Secretaria de Sa\u00fade esclarecimentos sobre a sala de Raio-X."}, {"id": "682", "ano": "2019", "numero": "4", "tipo__sigla": "REQ", "tipo__descricao": "Requerimento", "autoria": "Alessandra Caetano de Siqueira, Antonio Carlos de Souza, Ant\u00f4nio Noel de Souza, Jos\u00e9 Messias Jonas, Odair Claudinei da Silva, Saulo R\u00e9gis de Vilas B\u00f4as, Silviano Reis do Vale, Vera L\u00facia Junho dos Reis", "texto_original": "http://sapl.natercia.mg.leg.br/media/sapl/public/materialegislativa/2019/682/requerimento_04-2019.pdf", "ementa": "Requerer que seja solicitado junto ao Executivo Municipal as informa\u00e7\u00f5es que seguem sobre o conserto da sarjeta e da Rua Jos\u00e9 de Souza Campos em frente a creche municipal: a) De quem partiu a autoriza\u00e7\u00e3o para realizar o conserto? b) Quem orientou e fiscalizou o conserto?"}, {"id": "683", "ano": "2019", "numero": "5", "tipo__sigla": "REQ", "tipo__descricao": "Requerimento", "autoria": "Alessandra Caetano de Siqueira, Antonio Carlos de Souza, Ant\u00f4nio Noel de Souza, Jos\u00e9 Messias Jonas, Odair Claudinei da Silva, Saulo R\u00e9gis de Vilas B\u00f4as, Silviano Reis do Vale, Vera L\u00facia Junho dos Reis", "texto_original": "http://sapl.natercia.mg.leg.br/media/sapl/public/materialegislativa/2019/683/requerimento_05-2019.pdf", "ementa": "Requerer que seja solicitado junto ao Executivo Municipal informa\u00e7\u00f5es sobre o cal\u00e7amento do fim da Rua Coronel Paiva e in\u00edcio da Rua Jos\u00e9 de Souza Campos (morro das pedras) visto que o mesmo faz pouco tempo que foi realizado e j\u00e1 apresenta pedras soltas."}, {"id": "754", "ano": "2019", "numero": "16", "tipo__sigla": "ALTPL", "tipo__descricao": "Altera\u00e7\u00e3o do Projeto de Lei", "autoria": "Poder Executivo", "texto_original": "http://sapl.natercia.mg.leg.br/media/sapl/public/materialegislativa/2019/754/projeto_de_lei_16-2019.pdf", "ementa": "\"Estima a receita e fixa a despesa do Munic\u00edpio de Nat\u00e9rcia-MG, para o exerc\u00edcio financeiro de 2020.\""}, {"id": "742", "ano": "2019", "numero": "17", "tipo__sigla": "ALTPL", "tipo__descricao": "Altera\u00e7\u00e3o do Projeto de Lei", "autoria": "Poder Executivo", "texto_original": "http://sapl.natercia.mg.leg.br/media/sapl/public/materialegislativa/2019/742/projeto_de_lei_17-2019.pdf", "ementa": "\"Autoriza o Poder Executivo a contratar opera\u00e7\u00e3o de cr\u00e9dito com a CAIXA ECON\u00d4MICA FEDERAL, e d\u00e1 outras provid\u00eancias.\""}, {"id": "753", "ano": "2019", "numero": "19", "tipo__sigla": "ALTPL", "tipo__descricao": "Altera\u00e7\u00e3o do Projeto de Lei", "autoria": "Poder Executivo", "texto_original": "http://sapl.natercia.mg.leg.br/media/sapl/public/materialegislativa/2019/753/projeto_de_lei_19-2019.pdf", "ementa": "\"Autoriza o Poder Executivo Municipal a efetuar a abertura de Cr\u00e9dito Adicional Suplementar no Or\u00e7amento do Munic\u00edpio de Nat\u00e9rcia - MG, para o exerc\u00edcio de 2019.\""}, {"id": "759", "ano": "2019", "numero": "6", "tipo__sigla": "ALPLC", "tipo__descricao": "Altera\u00e7\u00e3o do Projeto de Lei Complementar", "autoria": "Poder Executivo", "texto_original": "http://sapl.natercia.mg.leg.br/media/sapl/public/materialegislativa/2019/759/alteracao_plc_06.pdf", "ementa": "\"Disp\u00f5e sobre o Plano de Cargos, Carreiras, Vencimentos e remunera\u00e7\u00e3o dos Profissionais do Magist\u00e9rio da Educa\u00e7\u00e3o B\u00e1sica da Prefeitura Municipal de Nat\u00e9rcia e d\u00e1 outras provid\u00eancias.\""}]}